{"id":13586,"global_id":"leavicens.com\/es_ES?id=13586","global_id_lineage":["leavicens.com\/es_ES?id=13586"],"author":"23","status":"publish","date":"2024-04-06 20:57:55","date_utc":"2024-04-06 18:57:55","modified":"2024-04-06 20:57:55","modified_utc":"2024-04-06 18:57:55","url":"https:\/\/leavicens.com\/es_ES\/event\/arevalo\/","rest_url":"https:\/\/leavicens.com\/es_ES\/wp-json\/tribe\/events\/v1\/events\/13586","title":"Ar\u00e9valo","description":"<div class=\"tribe-events-single-event-description tribe-events-content\">\n<div class=\"tribe-events-single-event-description tribe-events-content\">\n<div class=\"tribe-events-single-event-description tribe-events-content\">\n<div class=\"tribe-events-single-event-description tribe-events-content\">\n<div class=\"tribe-events-single-event-description tribe-events-content\">\n<div class=\"tribe-events-single-event-description tribe-events-content\">\n<div class=\"tribe-events-single-event-description tribe-events-content\">\n<div class=\"tribe-events-single-event-description tribe-events-content\">\n<p><strong>Lugar: <\/strong>Plaza de toros de Ar\u00e9valo (\u00c1vila)<\/p>\n<p><strong>Fecha: <\/strong>Domingo,\u00a0 7 de julio de 2024<\/p>\n<p><strong>Hora: <\/strong>19:30 horas<\/p>\n<p><strong>Cartel: <\/strong>L\u00c9A VICENS,Pablo Hermoso de Mendoza y Sergio P\u00e9rez<\/p>\n<p><strong>Ganader\u00eda: <\/strong>La Castilleja<\/p>\n<\/div>\n<\/div>\n<\/div>\n<\/div>\n<\/div>\n<\/div>\n<\/div>\n<\/div>","excerpt":"","slug":"arevalo","image":{"url":"https:\/\/leavicens.com\/lvicens\/wp-content\/uploads\/2024\/04\/Plaza_de_toros_de_Arevalo-scaled.jpg","id":13587,"extension":"jpg","width":2560,"height":1920,"sizes":{"medium":{"width":300,"height":225,"mime-type":"image\/jpeg","url":"https:\/\/leavicens.com\/lvicens\/wp-content\/uploads\/2024\/04\/Plaza_de_toros_de_Arevalo-300x225.jpg"},"large":{"width":1024,"height":768,"mime-type":"image\/jpeg","url":"https:\/\/leavicens.com\/lvicens\/wp-content\/uploads\/2024\/04\/Plaza_de_toros_de_Arevalo-1024x768.jpg"},"thumbnail":{"width":150,"height":113,"mime-type":"image\/jpeg","url":"https:\/\/leavicens.com\/lvicens\/wp-content\/uploads\/2024\/04\/Plaza_de_toros_de_Arevalo-150x113.jpg"},"medium_large":{"width":768,"height":576,"mime-type":"image\/jpeg","url":"https:\/\/leavicens.com\/lvicens\/wp-content\/uploads\/2024\/04\/Plaza_de_toros_de_Arevalo-768x576.jpg"},"featured_preview":{"width":110,"height":110,"mime-type":"image\/jpeg","url":"https:\/\/leavicens.com\/lvicens\/wp-content\/uploads\/2024\/04\/Plaza_de_toros_de_Arevalo-110x110.jpg"},"1536x1536":{"width":1536,"height":1152,"mime-type":"image\/jpeg","url":"https:\/\/leavicens.com\/lvicens\/wp-content\/uploads\/2024\/04\/Plaza_de_toros_de_Arevalo-1536x1152.jpg"},"2048x2048":{"width":2048,"height":1536,"mime-type":"image\/jpeg","url":"https:\/\/leavicens.com\/lvicens\/wp-content\/uploads\/2024\/04\/Plaza_de_toros_de_Arevalo-2048x1536.jpg"},"desktop":{"width":916,"height":687,"mime-type":"image\/jpeg","url":"https:\/\/leavicens.com\/lvicens\/wp-content\/uploads\/2024\/04\/Plaza_de_toros_de_Arevalo-916x687.jpg"},"related":{"width":468,"height":314,"mime-type":"image\/jpeg","url":"https:\/\/leavicens.com\/lvicens\/wp-content\/uploads\/2024\/04\/Plaza_de_toros_de_Arevalo-468x314.jpg"},"sticky":{"width":702,"height":471,"mime-type":"image\/jpeg","url":"https:\/\/leavicens.com\/lvicens\/wp-content\/uploads\/2024\/04\/Plaza_de_toros_de_Arevalo-702x471.jpg"},"rss-thumb":{"width":300,"height":225,"mime-type":"image\/jpeg","url":"https:\/\/leavicens.com\/lvicens\/wp-content\/uploads\/2024\/04\/Plaza_de_toros_de_Arevalo-300x225.jpg"},"album-thumb":{"width":120,"height":80,"mime-type":"image\/jpeg","url":"https:\/\/leavicens.com\/lvicens\/wp-content\/uploads\/2024\/04\/Plaza_de_toros_de_Arevalo-120x80.jpg"},"photo-thumb":{"width":160,"height":120,"mime-type":"image\/jpeg","url":"https:\/\/leavicens.com\/lvicens\/wp-content\/uploads\/2024\/04\/Plaza_de_toros_de_Arevalo-160x120.jpg"}},"original_image":"Plaza_de_toros_de_Arevalo.jpg"},"all_day":true,"start_date":"2024-07-07 00:00:00","start_date_details":{"year":"2024","month":"07","day":"07","hour":"00","minutes":"00","seconds":"00"},"end_date":"2024-07-07 23:59:59","end_date_details":{"year":"2024","month":"07","day":"07","hour":"23","minutes":"59","seconds":"59"},"utc_start_date":"2024-07-06 22:00:00","utc_start_date_details":{"year":"2024","month":"07","day":"06","hour":"22","minutes":"00","seconds":"00"},"utc_end_date":"2024-07-07 21:59:59","utc_end_date_details":{"year":"2024","month":"07","day":"07","hour":"21","minutes":"59","seconds":"59"},"timezone":"Europe\/Madrid","timezone_abbr":"CEST","cost":"","cost_details":{"currency_symbol":"","currency_code":"","currency_position":"prefix","values":[]},"website":"","show_map":true,"show_map_link":true,"hide_from_listings":false,"sticky":false,"featured":false,"categories":[],"tags":[],"venue":[],"organizer":[],"json_ld":{"@context":"http:\/\/schema.org","@type":"Event","name":"Ar\u00e9valo","description":"&lt;p&gt;Lugar: Plaza de toros de Ar\u00e9valo (\u00c1vila) Fecha: Domingo,\u00a0 7 de julio de 2024 Hora: 19:30 horas Cartel: L\u00c9A VICENS,Pablo...&lt;\/p&gt;\\n","image":"https:\/\/leavicens.com\/lvicens\/wp-content\/uploads\/2024\/04\/Plaza_de_toros_de_Arevalo-scaled.jpg","url":"https:\/\/leavicens.com\/es_ES\/event\/arevalo\/","eventAttendanceMode":"https:\/\/schema.org\/OfflineEventAttendanceMode","startDate":"2024-07-07T00:00:00+02:00","endDate":"2024-07-07T23:59:59+02:00","performer":"Organization"}}