{"id":13638,"global_id":"leavicens.com\/es_ES?id=13638","global_id_lineage":["leavicens.com\/es_ES?id=13638"],"author":"23","status":"publish","date":"2024-05-13 20:32:06","date_utc":"2024-05-13 18:32:06","modified":"2024-05-13 20:32:06","modified_utc":"2024-05-13 18:32:06","url":"https:\/\/leavicens.com\/es_ES\/event\/alba-de-tormes\/","rest_url":"https:\/\/leavicens.com\/es_ES\/wp-json\/tribe\/events\/v1\/events\/13638","title":"Alba de Tormes","description":"<div class=\"tribe-events-single-event-description tribe-events-content\">\n<div class=\"tribe-events-single-event-description tribe-events-content\">\n<div class=\"tribe-events-single-event-description tribe-events-content\">\n<div class=\"tribe-events-single-event-description tribe-events-content\">\n<div class=\"tribe-events-single-event-description tribe-events-content\">\n<div class=\"tribe-events-single-event-description tribe-events-content\">\n<div class=\"tribe-events-single-event-description tribe-events-content\">\n<div class=\"tribe-events-single-event-description tribe-events-content\">\n<p><strong>Lugar: <\/strong>Plaza de toros de Alba de Tormes (Salamanca)<\/p>\n<p><strong>Fecha: <\/strong>Domingo, 9 junio de 2024<\/p>\n<p><strong>Hora: <\/strong>19:00 horas<\/p>\n<p><strong>Cartel: <\/strong>L\u00c9A VICENS, Paco Vel\u00e1squez y Sergio P\u00e9rez de Gregorio<\/p>\n<p><strong>Ganader\u00eda: <\/strong>\u00c1ngel S\u00e1nchez y S\u00e1nchez<\/p>\n<\/div>\n<\/div>\n<\/div>\n<\/div>\n<\/div>\n<\/div>\n<\/div>\n<\/div>","excerpt":"","slug":"alba-de-tormes","image":{"url":"https:\/\/leavicens.com\/lvicens\/wp-content\/uploads\/2024\/05\/plaza-alba-de-tormes.jpg","id":13639,"extension":"jpg","width":570,"height":380,"sizes":{"medium":{"width":300,"height":200,"mime-type":"image\/jpeg","url":"https:\/\/leavicens.com\/lvicens\/wp-content\/uploads\/2024\/05\/plaza-alba-de-tormes-300x200.jpg"},"thumbnail":{"width":150,"height":100,"mime-type":"image\/jpeg","url":"https:\/\/leavicens.com\/lvicens\/wp-content\/uploads\/2024\/05\/plaza-alba-de-tormes-150x100.jpg"},"featured_preview":{"width":110,"height":110,"mime-type":"image\/jpeg","url":"https:\/\/leavicens.com\/lvicens\/wp-content\/uploads\/2024\/05\/plaza-alba-de-tormes-110x110.jpg"},"related":{"width":468,"height":314,"mime-type":"image\/jpeg","url":"https:\/\/leavicens.com\/lvicens\/wp-content\/uploads\/2024\/05\/plaza-alba-de-tormes-468x314.jpg"},"rss-thumb":{"width":300,"height":200,"mime-type":"image\/jpeg","url":"https:\/\/leavicens.com\/lvicens\/wp-content\/uploads\/2024\/05\/plaza-alba-de-tormes-300x200.jpg"},"album-thumb":{"width":120,"height":80,"mime-type":"image\/jpeg","url":"https:\/\/leavicens.com\/lvicens\/wp-content\/uploads\/2024\/05\/plaza-alba-de-tormes-120x80.jpg"},"photo-thumb":{"width":160,"height":120,"mime-type":"image\/jpeg","url":"https:\/\/leavicens.com\/lvicens\/wp-content\/uploads\/2024\/05\/plaza-alba-de-tormes-160x120.jpg"}}},"all_day":true,"start_date":"2024-06-09 00:00:00","start_date_details":{"year":"2024","month":"06","day":"09","hour":"00","minutes":"00","seconds":"00"},"end_date":"2024-06-09 23:59:59","end_date_details":{"year":"2024","month":"06","day":"09","hour":"23","minutes":"59","seconds":"59"},"utc_start_date":"2024-06-08 22:00:00","utc_start_date_details":{"year":"2024","month":"06","day":"08","hour":"22","minutes":"00","seconds":"00"},"utc_end_date":"2024-06-09 21:59:59","utc_end_date_details":{"year":"2024","month":"06","day":"09","hour":"21","minutes":"59","seconds":"59"},"timezone":"Europe\/Madrid","timezone_abbr":"CEST","cost":"","cost_details":{"currency_symbol":"","currency_code":"","currency_position":"prefix","values":[]},"website":"","show_map":true,"show_map_link":true,"hide_from_listings":false,"sticky":false,"featured":false,"categories":[],"tags":[],"venue":[],"organizer":[],"json_ld":{"@context":"http:\/\/schema.org","@type":"Event","name":"Alba de Tormes","description":"&lt;p&gt;Lugar: Plaza de toros de Alba de Tormes (Salamanca) Fecha: Domingo, 9 junio de 2024 Hora: 19:00 horas Cartel: L\u00c9A...&lt;\/p&gt;\\n","image":"https:\/\/leavicens.com\/lvicens\/wp-content\/uploads\/2024\/05\/plaza-alba-de-tormes.jpg","url":"https:\/\/leavicens.com\/es_ES\/event\/alba-de-tormes\/","eventAttendanceMode":"https:\/\/schema.org\/OfflineEventAttendanceMode","startDate":"2024-06-09T00:00:00+02:00","endDate":"2024-06-09T23:59:59+02:00","performer":"Organization"}}