{"id":13844,"global_id":"leavicens.com\/es_ES?id=13844","global_id_lineage":["leavicens.com\/es_ES?id=13844"],"author":"23","status":"publish","date":"2024-07-25 10:34:09","date_utc":"2024-07-25 08:34:09","modified":"2024-07-25 10:34:09","modified_utc":"2024-07-25 08:34:09","url":"https:\/\/leavicens.com\/es_ES\/event\/beziers-2\/","rest_url":"https:\/\/leavicens.com\/es_ES\/wp-json\/tribe\/events\/v1\/events\/13844","title":"B\u00e9ziers","description":"<p><strong>Lugar<\/strong>: Ar\u00e8nes de B\u00e9ziers<\/p>\n<p><strong>Fecha<\/strong>: S\u00e1bado, 17 de agosto de 2024<\/p>\n<p><strong>Hora<\/strong>: 18:00 horas<\/p>\n<p><strong>Cartel<\/strong>: L\u00c9A VICENS y Pablo Hermoso de Mendoza<\/p>\n<p><strong>Ganader\u00eda<\/strong>: Ferm\u00edn Boh\u00f3rquez<\/p>","excerpt":"","slug":"beziers-2","image":{"url":"https:\/\/leavicens.com\/lvicens\/wp-content\/uploads\/2023\/04\/plaza-beziers.jpg","id":12976,"extension":"jpg","width":800,"height":568,"sizes":{"medium":{"width":300,"height":213,"mime-type":"image\/jpeg","url":"https:\/\/leavicens.com\/lvicens\/wp-content\/uploads\/2023\/04\/plaza-beziers-300x213.jpg"},"thumbnail":{"width":150,"height":107,"mime-type":"image\/jpeg","url":"https:\/\/leavicens.com\/lvicens\/wp-content\/uploads\/2023\/04\/plaza-beziers-150x107.jpg"},"medium_large":{"width":768,"height":545,"mime-type":"image\/jpeg","url":"https:\/\/leavicens.com\/lvicens\/wp-content\/uploads\/2023\/04\/plaza-beziers-768x545.jpg"},"featured_preview":{"width":110,"height":110,"mime-type":"image\/jpeg","url":"https:\/\/leavicens.com\/lvicens\/wp-content\/uploads\/2023\/04\/plaza-beziers-110x110.jpg"},"related":{"width":468,"height":314,"mime-type":"image\/jpeg","url":"https:\/\/leavicens.com\/lvicens\/wp-content\/uploads\/2023\/04\/plaza-beziers-468x314.jpg"},"sticky":{"width":702,"height":471,"mime-type":"image\/jpeg","url":"https:\/\/leavicens.com\/lvicens\/wp-content\/uploads\/2023\/04\/plaza-beziers-702x471.jpg"},"rss-thumb":{"width":300,"height":213,"mime-type":"image\/jpeg","url":"https:\/\/leavicens.com\/lvicens\/wp-content\/uploads\/2023\/04\/plaza-beziers-300x213.jpg"},"album-thumb":{"width":120,"height":80,"mime-type":"image\/jpeg","url":"https:\/\/leavicens.com\/lvicens\/wp-content\/uploads\/2023\/04\/plaza-beziers-120x80.jpg"},"photo-thumb":{"width":160,"height":120,"mime-type":"image\/jpeg","url":"https:\/\/leavicens.com\/lvicens\/wp-content\/uploads\/2023\/04\/plaza-beziers-160x120.jpg"}}},"all_day":true,"start_date":"2024-08-17 00:00:00","start_date_details":{"year":"2024","month":"08","day":"17","hour":"00","minutes":"00","seconds":"00"},"end_date":"2024-08-17 23:59:59","end_date_details":{"year":"2024","month":"08","day":"17","hour":"23","minutes":"59","seconds":"59"},"utc_start_date":"2024-08-16 22:00:00","utc_start_date_details":{"year":"2024","month":"08","day":"16","hour":"22","minutes":"00","seconds":"00"},"utc_end_date":"2024-08-17 21:59:59","utc_end_date_details":{"year":"2024","month":"08","day":"17","hour":"21","minutes":"59","seconds":"59"},"timezone":"Europe\/Madrid","timezone_abbr":"CEST","cost":"","cost_details":{"currency_symbol":"","currency_code":"","currency_position":"prefix","values":[]},"website":"","show_map":true,"show_map_link":true,"hide_from_listings":false,"sticky":false,"featured":false,"categories":[],"tags":[],"venue":[],"organizer":[],"json_ld":{"@context":"http:\/\/schema.org","@type":"Event","name":"B\u00e9ziers","description":"&lt;p&gt;Lugar: Ar\u00e8nes de B\u00e9ziers Fecha: S\u00e1bado, 17 de agosto de 2024 Hora: 18:00 horas Cartel: L\u00c9A VICENS y Pablo Hermoso...&lt;\/p&gt;\\n","image":"https:\/\/leavicens.com\/lvicens\/wp-content\/uploads\/2023\/04\/plaza-beziers.jpg","url":"https:\/\/leavicens.com\/es_ES\/event\/beziers-2\/","eventAttendanceMode":"https:\/\/schema.org\/OfflineEventAttendanceMode","startDate":"2024-08-17T00:00:00+02:00","endDate":"2024-08-17T23:59:59+02:00","performer":"Organization"}}