{"id":11873,"date":"2021-08-12T22:38:35","date_gmt":"2021-08-12T20:38:35","guid":{"rendered":"https:\/\/leavicens.com\/?p=11873"},"modified":"2021-08-13T10:59:52","modified_gmt":"2021-08-13T08:59:52","slug":"11873-2","status":"publish","type":"post","link":"https:\/\/leavicens.com\/es_ES\/11873-2\/","title":{"rendered":"L\u00c9A VICENS, TRIUNFADORA EN BEZIERS EN EL FESTEJO INAUGURAL DE LA FERIA"},"content":{"rendered":"<p style=\"text-align: center;\"><strong><em>\u00abL\u00e9a Vicens,<\/em><\/strong><strong><em> \u00fanica oreja en el inicio de<\/em><\/strong><em>\u00a0<strong>B\u00e9ziers\u00bb<\/strong><\/em><\/p>\n<p style=\"text-align: center;\"><a href=\"https:\/\/leavicens.com\/lvicens\/wp-content\/uploads\/2021\/08\/WhatsApp-Image-2021-08-12-at-21.24.57.jpeg\"><img loading=\"lazy\" class=\"size-medium wp-image-11875 aligncenter\" src=\"https:\/\/leavicens.com\/lvicens\/wp-content\/uploads\/2021\/08\/WhatsApp-Image-2021-08-12-at-21.24.57-200x300.jpeg\" alt=\"\" width=\"200\" height=\"300\" srcset=\"https:\/\/leavicens.com\/lvicens\/wp-content\/uploads\/2021\/08\/WhatsApp-Image-2021-08-12-at-21.24.57-200x300.jpeg 200w, https:\/\/leavicens.com\/lvicens\/wp-content\/uploads\/2021\/08\/WhatsApp-Image-2021-08-12-at-21.24.57-300x449.jpeg 300w, https:\/\/leavicens.com\/lvicens\/wp-content\/uploads\/2021\/08\/WhatsApp-Image-2021-08-12-at-21.24.57-600x899.jpeg 600w, https:\/\/leavicens.com\/lvicens\/wp-content\/uploads\/2021\/08\/WhatsApp-Image-2021-08-12-at-21.24.57-684x1024.jpeg 684w, https:\/\/leavicens.com\/lvicens\/wp-content\/uploads\/2021\/08\/WhatsApp-Image-2021-08-12-at-21.24.57-768x1151.jpeg 768w, https:\/\/leavicens.com\/lvicens\/wp-content\/uploads\/2021\/08\/WhatsApp-Image-2021-08-12-at-21.24.57-1025x1536.jpeg 1025w, https:\/\/leavicens.com\/lvicens\/wp-content\/uploads\/2021\/08\/WhatsApp-Image-2021-08-12-at-21.24.57-916x1372.jpeg 916w, https:\/\/leavicens.com\/lvicens\/wp-content\/uploads\/2021\/08\/WhatsApp-Image-2021-08-12-at-21.24.57.jpeg 1068w\" sizes=\"(max-width: 200px) 100vw, 200px\" \/><\/a><\/p>\n<p style=\"text-align: justify;\">La rejoneadora\u00a0<strong>L\u00e9a Vicens<\/strong>\u00a0pase\u00f3 la primera y \u00fanica oreja en el inicio de\u00a0<strong>B\u00e9ziers <\/strong>dentro de una buena tarde de\u00a0<strong>Roca Rey<\/strong>\u00a0y<strong>\u00a0El Rafi<\/strong>\u00a0que no tuvo r\u00fabrica con la espada. Por su parte,<strong> L\u00e9a<\/strong> <strong>Vicens<\/strong> tambi\u00e9n perdi\u00f3 una oreja m\u00e1s del primero con dos nobles toros de<strong>\u00a0Ferm\u00edn Boh\u00f3rquez.\u00a0<\/strong><\/p>\n<p style=\"text-align: justify;\"><strong>L\u00e9a<\/strong> <strong>Vicens<\/strong> se las vio con un astado mansito, pero con mucha nobleza de <strong>Boh\u00f3rquez <\/strong>en cuarto lugar. Demostr\u00f3 su buena doma y su buen hacer al lomo de\u00a0<em style=\"font-weight: inherit;\"><strong>\u2018B\u00e9tico\u2019.<\/strong><\/em>\u00a0Esta vez, acert\u00f3 a la hora de matar y cort\u00f3 el primer ap\u00e9ndice de la tarde. Oreja.<\/p>\n<p style=\"text-align: justify;\">Abri\u00f3 feria un noble ejemplar de\u00a0<strong style=\"font-style: inherit;\">Ferm\u00edn Boh\u00f3rquez<\/strong>\u00a0que correspondi\u00f3 a la amazona francesa\u00a0<strong style=\"font-style: inherit;\">L\u00e9a Vicens.<\/strong>\u00a0Lo rejone\u00f3 con mucho gusto y temple, sobretodo, con su caballo estrella<em style=\"font-weight: inherit;\">\u00a0<strong>\u2018Diluvio\u2019.<\/strong>\u00a0<\/em>Sin embargo, su fallo a la hora de matar le hizo perder el trofeo ganado en el ruedo. Silencio.<\/p>\n<p style=\"text-align: center;\"><strong><u>FICHA DEL FESTEJO:<\/u><\/strong><\/p>\n<p style=\"text-align: center;\"><em>Jueves 12 de agosto de 2021<\/em><\/p>\n<p style=\"text-align: center;\">Plaza de toros de\u00a0<strong style=\"font-style: inherit;\">Beziers (Francia).<\/strong><\/p>\n<p style=\"text-align: center;\">Primera corrida de la feria.<\/p>\n<p style=\"text-align: center;\"><strong style=\"font-style: inherit;\">Entrada:<\/strong>\u00a0Lleno de entrada, de acuerdo con el aforo permitido.<\/p>\n<p style=\"text-align: center;\">Toros de\u00a0<strong style=\"font-style: inherit;\">Ferm\u00edn Boh\u00f3rquez<\/strong>, para rejones, bien presentados y de noble juego;\u00a0 y\u00a0<strong style=\"font-style: inherit;\">Victoriano del R\u00edo y Toros de Cort\u00e9s (3\u00ba),<\/strong>\u00a0para la lidia a pie, bien presentados y de juego desigual. Destac\u00f3, por encima de todos, el importante y bravo tercero. Encastado, el sexto. A menos, el quinto. Desfondado, el segundo.<\/p>\n<p style=\"text-align: center;\"><strong style=\"font-style: inherit;\">L\u00e9a Vicens, <\/strong>Ovaci\u00f3n y Oreja.<\/p>\n<p style=\"text-align: center;\"><strong style=\"font-style: inherit;\">Roca Rey, <\/strong>Silencio y Ovaci\u00f3n tras aviso.<\/p>\n<p style=\"text-align: center;\"><strong>El Rafi,<\/strong> Ovaci\u00f3n tras aviso y Silencio tras aviso.<\/p>\n<p><a href=\"https:\/\/www.mundotoro.com\/noticia\/el-inicio-de-la-feria-de-beziers-con-lea-roca-y-el-rafi-al-detalle-directo-beziers\/1586190\">Fuente: Mundotoro\u00a0<\/a><\/p>\n<p>Foto Portada: Aplausos<\/p>\n<p>Foto cr\u00f3nica: Tony Breb\u00e1n<\/p>\n<p>&nbsp;<\/p>\n","protected":false},"excerpt":{"rendered":"<p style=\"text-align: center;\"><strong><em>\u00abL\u00e9a Vicens,<\/em><\/strong><strong><em> \u00fanica oreja en el inicio de<\/em><\/strong><em>\u00a0<strong>B\u00e9ziers\u00bb<\/strong><\/em><\/p>\n<p style=\"text-align: center;\"><a href=\"https:\/\/leavicens.com\/lvicens\/wp-content\/uploa...\n<\/p>\n","protected":false},"author":4,"featured_media":11874,"comment_status":"open","ping_status":"open","sticky":true,"template":"","format":"standard","meta":[],"categories":[1],"tags":[],"_links":{"self":[{"href":"https:\/\/leavicens.com\/es_ES\/wp-json\/wp\/v2\/posts\/11873"}],"collection":[{"href":"https:\/\/leavicens.com\/es_ES\/wp-json\/wp\/v2\/posts"}],"about":[{"href":"https:\/\/leavicens.com\/es_ES\/wp-json\/wp\/v2\/types\/post"}],"author":[{"embeddable":true,"href":"https:\/\/leavicens.com\/es_ES\/wp-json\/wp\/v2\/users\/4"}],"replies":[{"embeddable":true,"href":"https:\/\/leavicens.com\/es_ES\/wp-json\/wp\/v2\/comments?post=11873"}],"version-history":[{"count":3,"href":"https:\/\/leavicens.com\/es_ES\/wp-json\/wp\/v2\/posts\/11873\/revisions"}],"predecessor-version":[{"id":11881,"href":"https:\/\/leavicens.com\/es_ES\/wp-json\/wp\/v2\/posts\/11873\/revisions\/11881"}],"wp:featuredmedia":[{"embeddable":true,"href":"https:\/\/leavicens.com\/es_ES\/wp-json\/wp\/v2\/media\/11874"}],"wp:attachment":[{"href":"https:\/\/leavicens.com\/es_ES\/wp-json\/wp\/v2\/media?parent=11873"}],"wp:term":[{"taxonomy":"category","embeddable":true,"href":"https:\/\/leavicens.com\/es_ES\/wp-json\/wp\/v2\/categories?post=11873"},{"taxonomy":"post_tag","embeddable":true,"href":"https:\/\/leavicens.com\/es_ES\/wp-json\/wp\/v2\/tags?post=11873"}],"curies":[{"name":"wp","href":"https:\/\/api.w.org\/{rel}","templated":true}]}}