{"id":11887,"date":"2021-08-24T23:08:23","date_gmt":"2021-08-24T21:08:23","guid":{"rendered":"https:\/\/leavicens.com\/?p=11887"},"modified":"2021-08-25T08:10:09","modified_gmt":"2021-08-25T06:10:09","slug":"lea-vicens-impregno-de-raza-la-mixta-de-valencia-de-alcantara","status":"publish","type":"post","link":"https:\/\/leavicens.com\/es_ES\/lea-vicens-impregno-de-raza-la-mixta-de-valencia-de-alcantara\/","title":{"rendered":"L\u00c9A VICENS, IMPREGN\u00d3 DE RAZA LA MIXTA DE VALENCIA DE ALC\u00c1NTARA   "},"content":{"rendered":"<p><a href=\"https:\/\/leavicens.com\/lvicens\/wp-content\/uploads\/2021\/08\/7173490a-9963-44b8-913a-52a8dfb41856-1200x674-1.jpg\"><img loading=\"lazy\" class=\"size-medium wp-image-11888 alignleft\" src=\"https:\/\/leavicens.com\/lvicens\/wp-content\/uploads\/2021\/08\/7173490a-9963-44b8-913a-52a8dfb41856-1200x674-1-300x169.jpg\" alt=\"\" width=\"300\" height=\"169\" srcset=\"https:\/\/leavicens.com\/lvicens\/wp-content\/uploads\/2021\/08\/7173490a-9963-44b8-913a-52a8dfb41856-1200x674-1-300x169.jpg 300w, https:\/\/leavicens.com\/lvicens\/wp-content\/uploads\/2021\/08\/7173490a-9963-44b8-913a-52a8dfb41856-1200x674-1-600x337.jpg 600w, https:\/\/leavicens.com\/lvicens\/wp-content\/uploads\/2021\/08\/7173490a-9963-44b8-913a-52a8dfb41856-1200x674-1-1024x575.jpg 1024w, https:\/\/leavicens.com\/lvicens\/wp-content\/uploads\/2021\/08\/7173490a-9963-44b8-913a-52a8dfb41856-1200x674-1-768x431.jpg 768w, https:\/\/leavicens.com\/lvicens\/wp-content\/uploads\/2021\/08\/7173490a-9963-44b8-913a-52a8dfb41856-1200x674-1-916x514.jpg 916w, https:\/\/leavicens.com\/lvicens\/wp-content\/uploads\/2021\/08\/7173490a-9963-44b8-913a-52a8dfb41856-1200x674-1.jpg 1200w\" sizes=\"(max-width: 300px) 100vw, 300px\" \/><\/a> <a href=\"https:\/\/leavicens.com\/lvicens\/wp-content\/uploads\/2021\/08\/178895.jpeg\"><img loading=\"lazy\" class=\"size-medium wp-image-11889 alignright\" src=\"https:\/\/leavicens.com\/lvicens\/wp-content\/uploads\/2021\/08\/178895-300x225.jpeg\" alt=\"\" width=\"300\" height=\"225\" srcset=\"https:\/\/leavicens.com\/lvicens\/wp-content\/uploads\/2021\/08\/178895-300x225.jpeg 300w, https:\/\/leavicens.com\/lvicens\/wp-content\/uploads\/2021\/08\/178895-600x450.jpeg 600w, https:\/\/leavicens.com\/lvicens\/wp-content\/uploads\/2021\/08\/178895-1024x768.jpeg 1024w, https:\/\/leavicens.com\/lvicens\/wp-content\/uploads\/2021\/08\/178895-768x576.jpeg 768w, https:\/\/leavicens.com\/lvicens\/wp-content\/uploads\/2021\/08\/178895-1536x1152.jpeg 1536w, https:\/\/leavicens.com\/lvicens\/wp-content\/uploads\/2021\/08\/178895-916x687.jpeg 916w, https:\/\/leavicens.com\/lvicens\/wp-content\/uploads\/2021\/08\/178895-160x120.jpeg 160w, https:\/\/leavicens.com\/lvicens\/wp-content\/uploads\/2021\/08\/178895.jpeg 1600w\" sizes=\"(max-width: 300px) 100vw, 300px\" \/><\/a><\/p>\n<p>&nbsp;<\/p>\n<p>&nbsp;<\/p>\n<p>&nbsp;<\/p>\n<p>&nbsp;<\/p>\n<p>&nbsp;<\/p>\n<p>&nbsp;<\/p>\n<p>&nbsp;<\/p>\n<p style=\"text-align: center;\"><strong><em>\u201cOreja al buen hacer de L\u00e9a Vicens ante un lote de escasas opciones\u201d<\/em><\/strong><\/p>\n<p style=\"text-align: justify;\">Silenciada result\u00f3 <strong>L\u00e9a Vicens<\/strong> en el primero, en una faena que tuvo que ser muy medida porque el animal estaba muy justo de fuerzas.<strong> L\u00e9a<\/strong> <strong>Vicens. <\/strong>Una oreja pase\u00f3 frente al cuarto tras una obra en la que destac\u00f3 a lomos de \u2018<strong><em>B\u00e9tico\u2019.<\/em><\/strong> Fue otro flojo animal en el que cuasi tuvo que echarse encima la rejoneadora gala.<\/p>\n<p style=\"text-align: center;\"><strong><u>FICHA DEL FESTEJO:<\/u><\/strong><\/p>\n<p style=\"text-align: center;\"><em style=\"font-weight: inherit;\">Martes 24 de agosto de 2021<\/em><\/p>\n<p style=\"text-align: center;\"><strong>Valencia de Alc\u00e1ntara (C\u00e1ceres)<\/strong>.<\/p>\n<p style=\"text-align: center;\">\u201cCorrida Mixta\u201d<\/p>\n<p style=\"text-align: center;\"><strong>Entrada:<\/strong>\u00a0Lleno, de acuerdo con el aforo permitido.<\/p>\n<p style=\"text-align: center;\">Toros de<strong>\u00a0Ben\u00edtez Cubero<\/strong>, para rejones; y<strong>\u00a0La Peregrina,<\/strong>\u00a0para la lidia a pie, el quinto premiado con la vuelta al ruedo.<\/p>\n<p style=\"text-align: center;\"><strong>L\u00e9a Vicens,\u00a0<\/strong>Silencio y Oreja.<\/p>\n<p style=\"text-align: center;\"><strong style=\"font-style: inherit;\">Antonio Ferrera<\/strong>, Oreja y Dos orejas.<\/p>\n<p style=\"text-align: center;\"><strong>Emilio de Justo,<\/strong>\u00a0Oreja y Dos orejas.<\/p>\n<p><a href=\"https:\/\/cultoro.es\/2021\/8\/24\/festejos\/vicens-justo-ferrera-final-35791\/\">Fuente y Foto: Cultoro.es<\/a><\/p>\n","protected":false},"excerpt":{"rendered":"<p><a href=\"https:\/\/leavicens.com\/lvicens\/wp-content\/uploads\/2021\/08\/7173490a-9963-44b8-913a-52a8dfb41856-1200x674-1.jpg\"><img class=\"size-medium wp-image-11888 alignleft\" src=\"https:\/\/leavicens.com\/lvicens\/wp-content\/uploads\/2021\/08\/7173490a-9963-44b8-...\n<\/p>\n","protected":false},"author":4,"featured_media":11890,"comment_status":"open","ping_status":"open","sticky":true,"template":"","format":"standard","meta":[],"categories":[20,1],"tags":[],"_links":{"self":[{"href":"https:\/\/leavicens.com\/es_ES\/wp-json\/wp\/v2\/posts\/11887"}],"collection":[{"href":"https:\/\/leavicens.com\/es_ES\/wp-json\/wp\/v2\/posts"}],"about":[{"href":"https:\/\/leavicens.com\/es_ES\/wp-json\/wp\/v2\/types\/post"}],"author":[{"embeddable":true,"href":"https:\/\/leavicens.com\/es_ES\/wp-json\/wp\/v2\/users\/4"}],"replies":[{"embeddable":true,"href":"https:\/\/leavicens.com\/es_ES\/wp-json\/wp\/v2\/comments?post=11887"}],"version-history":[{"count":3,"href":"https:\/\/leavicens.com\/es_ES\/wp-json\/wp\/v2\/posts\/11887\/revisions"}],"predecessor-version":[{"id":11893,"href":"https:\/\/leavicens.com\/es_ES\/wp-json\/wp\/v2\/posts\/11887\/revisions\/11893"}],"wp:featuredmedia":[{"embeddable":true,"href":"https:\/\/leavicens.com\/es_ES\/wp-json\/wp\/v2\/media\/11890"}],"wp:attachment":[{"href":"https:\/\/leavicens.com\/es_ES\/wp-json\/wp\/v2\/media?parent=11887"}],"wp:term":[{"taxonomy":"category","embeddable":true,"href":"https:\/\/leavicens.com\/es_ES\/wp-json\/wp\/v2\/categories?post=11887"},{"taxonomy":"post_tag","embeddable":true,"href":"https:\/\/leavicens.com\/es_ES\/wp-json\/wp\/v2\/tags?post=11887"}],"curies":[{"name":"wp","href":"https:\/\/api.w.org\/{rel}","templated":true}]}}