{"id":4563,"date":"2019-03-04T23:34:49","date_gmt":"2019-03-04T22:34:49","guid":{"rendered":"http:\/\/leavicens.com\/?p=4563"},"modified":"2019-03-06T17:58:49","modified_gmt":"2019-03-06T16:58:49","slug":"lea-vicens-recibe-el-premio-rejoneador-triunfador-de-bilbao","status":"publish","type":"post","link":"https:\/\/leavicens.com\/es_ES\/lea-vicens-recibe-el-premio-rejoneador-triunfador-de-bilbao\/","title":{"rendered":"L\u00c9A VICENS, RECIBE EL PREMIO \u2018REJONEADOR TRIUNFADOR DE BILBAO\u2019"},"content":{"rendered":"<p style=\"text-align: center;\"><a href=\"http:\/\/leavicens.com\/lvicens\/wp-content\/uploads\/2019\/03\/93AA294C-BF5D-4E0E-8A56-D402E44EB631-300x225.jpeg\"><img loading=\"lazy\" class=\"alignnone size-medium wp-image-4564\" src=\"http:\/\/leavicens.com\/lvicens\/wp-content\/uploads\/2019\/03\/93AA294C-BF5D-4E0E-8A56-D402E44EB631-300x225-300x225.jpeg\" alt=\"\" width=\"300\" height=\"225\" \/><\/a><\/p>\n<p style=\"text-align: center;\"><em>Le\u00e1 agradece el premio<\/em><\/p>\n<p style=\"text-align: center;\"><em>\u00a0<\/em><\/p>\n<p style=\"text-align: justify;\">El m\u00edtico <strong>Hotel Ercilla<\/strong> <strong>de Bilbao<\/strong> ha celebrado el pasado lunes 4 de marzo, la entrega de los <strong>XXXV Premios Ercilla de Teatro y Toros<\/strong>.\u00a0La cadena hotelera\u00a0premia a los m\u00e1s destacados del a\u00f1o en 7 categor\u00edas en el apartado taurino.<\/p>\n<ul>\n<li><strong><u>El\u00a0galard\u00f3n al \u2018Rejoneador Triunfador de la Feria\u2019 ha sido concedido a\u00a0<\/u><\/strong><u><strong>Lea Vicens<\/strong>.<\/u><\/li>\n<\/ul>\n<p style=\"text-align: justify;\">El matador de toros riojano\u00a0<strong>Diego Urdiales<\/strong>\u00a0ha recibido el trofeo al Triunfador de la Feria de Bilbao.<\/p>\n<p style=\"text-align: justify;\"><strong>Roca Rey<\/strong>\u00a0 premio a Mejor Faena \u00a0por su magn\u00edfica actuaci\u00f3n el pasado 24 de agosto.<\/p>\n<p style=\"text-align: justify;\"><strong>Emilio de<\/strong>\u00a0<strong>Justo,<\/strong>\u00a0convaleciente de un percance, le ha sido\u00a0conferido el premio al Matador de Toros Revelaci\u00f3n de la Temporada.<\/p>\n<p style=\"text-align: justify;\">Asimismo el premio al Novillero Revelaci\u00f3n de la Temporada lo recib\u00eda el argande\u00f1o\u00a0<strong>Francisco de Manuel<\/strong>.<\/p>\n<p style=\"text-align: justify;\">La Gala Anual ha condecorado al diestro venezolano\u00a0<strong>Manolo Vanegas<\/strong>, Premio Superaci\u00f3n, quien se recupera milagrosamente de la lesi\u00f3n cervical que sufri\u00f3 a principios de 2018.<\/p>\n<p style=\"text-align: justify;\">Finalmente el <strong>\u201cPremio Manolo Chopera\u201d <\/strong>al Fomento de la Fiesta ha sido otorgado al jerezano\u00a0<strong>Juan Jos\u00e9 Padilla<\/strong>, que se desped\u00eda del coso de Vista Alegre el 22 de agosto, recogi\u00e9ndolo en su nombre <strong>Juan Manuel Delgado<\/strong>, miembro de la Junta Administrativa de la Plaza de Toros de Bilbao.<\/p>\n<p style=\"text-align: justify;\">Como viene siendo tradici\u00f3n el acto ha reunido a unos trescientos invitados en una cena en el <strong>Hotel Ercilla de Bilbao<\/strong>. En el apartado teatral,\u00a0<strong>Jos\u00e9 Sacrist\u00e1n<\/strong>\u00a0recib\u00eda el\u00a0<strong>Premio Ercilla a la Trayectoria Profesional<\/strong>\u00a0por su amplia labor en el mundo del <strong>Arte Dram\u00e1tico.<\/strong><\/p>\n","protected":false},"excerpt":{"rendered":"<p style=\"text-align: center;\"><a href=\"http:\/\/leavicens.com\/lvicens\/wp-content\/uploads\/2019\/03\/93AA294C-BF5D-4E0E-8A56-D402E44EB631-300x225.jpeg\"><img class=\"alignnone size-medium wp-image-4564\" src=\"http:\/\/leavicens.com\/lvicens\/wp-content\/uploads\/2...\n<\/p>\n","protected":false},"author":4,"featured_media":4565,"comment_status":"open","ping_status":"open","sticky":true,"template":"","format":"standard","meta":[],"categories":[20,1],"tags":[],"_links":{"self":[{"href":"https:\/\/leavicens.com\/es_ES\/wp-json\/wp\/v2\/posts\/4563"}],"collection":[{"href":"https:\/\/leavicens.com\/es_ES\/wp-json\/wp\/v2\/posts"}],"about":[{"href":"https:\/\/leavicens.com\/es_ES\/wp-json\/wp\/v2\/types\/post"}],"author":[{"embeddable":true,"href":"https:\/\/leavicens.com\/es_ES\/wp-json\/wp\/v2\/users\/4"}],"replies":[{"embeddable":true,"href":"https:\/\/leavicens.com\/es_ES\/wp-json\/wp\/v2\/comments?post=4563"}],"version-history":[{"count":3,"href":"https:\/\/leavicens.com\/es_ES\/wp-json\/wp\/v2\/posts\/4563\/revisions"}],"predecessor-version":[{"id":4568,"href":"https:\/\/leavicens.com\/es_ES\/wp-json\/wp\/v2\/posts\/4563\/revisions\/4568"}],"wp:featuredmedia":[{"embeddable":true,"href":"https:\/\/leavicens.com\/es_ES\/wp-json\/wp\/v2\/media\/4565"}],"wp:attachment":[{"href":"https:\/\/leavicens.com\/es_ES\/wp-json\/wp\/v2\/media?parent=4563"}],"wp:term":[{"taxonomy":"category","embeddable":true,"href":"https:\/\/leavicens.com\/es_ES\/wp-json\/wp\/v2\/categories?post=4563"},{"taxonomy":"post_tag","embeddable":true,"href":"https:\/\/leavicens.com\/es_ES\/wp-json\/wp\/v2\/tags?post=4563"}],"curies":[{"name":"wp","href":"https:\/\/api.w.org\/{rel}","templated":true}]}}