{"id":4595,"date":"2019-03-17T22:24:37","date_gmt":"2019-03-17T21:24:37","guid":{"rendered":"http:\/\/leavicens.com\/?p=4595"},"modified":"2019-03-17T22:27:22","modified_gmt":"2019-03-17T21:27:22","slug":"lea-vicens-tres-orejas-y-otra-nueva-puerta-grande-tras-una-excelente-tarde","status":"publish","type":"post","link":"https:\/\/leavicens.com\/es_ES\/lea-vicens-tres-orejas-y-otra-nueva-puerta-grande-tras-una-excelente-tarde\/","title":{"rendered":"L\u00c9A VICENS, TRES OREJAS Y OTRA NUEVA PUERTA GRANDE TRAS UNA EXCELENTE TARDE"},"content":{"rendered":"<p style=\"text-align: center;\"><strong><em>\u201cL\u00e9a Vicens, por lo visto hoy, va realizar una temporada importante\u201d<\/em><\/strong><\/p>\n<p style=\"text-align: justify;\"><strong>Lea Vicens,<\/strong>\u00a0la rejoneadora de N\u00ecmes est\u00e1 en un momento importante se nota que ha hecho much\u00edsimo entrenamiento durante este invierno. <strong>Lea<\/strong> ha toreado como en ella es habitual llenado de menos a m\u00e1s conforme pasaba sus actuaciones ha ido a m\u00e1s y a mejor, sobresali\u00f3 con las banderillas a una mano y las rosas para finalizar las faenas adem\u00e1s es otra jinete que llega muy pronto arriba y adem\u00e1s la gente del mundo del rejoneo ya la espera. Est\u00e1 c\u00f3mo sus compa\u00f1eros en la mayor\u00eda de las ferias importantes de Espa\u00f1a y Francia y van a realizar, por lo visto hoy, una temporada importante.<\/p>\n<p><strong><em>Burladero.tv:<\/em><\/strong><\/p>\n<p><em>https:\/\/www.burladero.tv\/festejos\/2019\/3\/17\/la-terna-hombros-en-cieza-61054.html<\/em><\/p>\n<p><strong><u>FICHA DEL FESTEJO<\/u><\/strong><\/p>\n<p>Domingo 17 de marzo de 2019<\/p>\n<p>Plaza de toros de Cieza (Murcia)<\/p>\n<p>Entrada:\u00a0Media plaza.<\/p>\n<p>Toros de\u00a0El\u00a0Canario, de variado juego.<\/p>\n<p>Andy Cartagena; Oreja y Dos orejas.<\/p>\n<p>Sergio\u00a0Gal\u00e1n; Dos orejas y Oreja.<\/p>\n<p><strong>Lea<\/strong>\u00a0<strong>Vicens;<\/strong>\u00a0Oreja y Dos orejas.<\/p>\n<p>&nbsp;<\/p>\n<p><em><span style=\"text-decoration: underline;\">Foto Portada<\/span>: Burladero.tv<\/em><\/p>\n","protected":false},"excerpt":{"rendered":"<p style=\"text-align: center;\"><strong><em>\u201cL\u00e9a Vicens, por lo visto hoy, va realizar una temporada importante\u201d<\/em><\/strong><\/p>\n<p style=\"text-align: justify;\"><strong>Lea Vicens,<\/strong>\u00a0la rejoneadora de N\u00ecmes est\u00e1 en un momento importante se n&#8230;<\/p>\n","protected":false},"author":4,"featured_media":4596,"comment_status":"open","ping_status":"open","sticky":true,"template":"","format":"standard","meta":[],"categories":[20,1],"tags":[],"_links":{"self":[{"href":"https:\/\/leavicens.com\/es_ES\/wp-json\/wp\/v2\/posts\/4595"}],"collection":[{"href":"https:\/\/leavicens.com\/es_ES\/wp-json\/wp\/v2\/posts"}],"about":[{"href":"https:\/\/leavicens.com\/es_ES\/wp-json\/wp\/v2\/types\/post"}],"author":[{"embeddable":true,"href":"https:\/\/leavicens.com\/es_ES\/wp-json\/wp\/v2\/users\/4"}],"replies":[{"embeddable":true,"href":"https:\/\/leavicens.com\/es_ES\/wp-json\/wp\/v2\/comments?post=4595"}],"version-history":[{"count":2,"href":"https:\/\/leavicens.com\/es_ES\/wp-json\/wp\/v2\/posts\/4595\/revisions"}],"predecessor-version":[{"id":4598,"href":"https:\/\/leavicens.com\/es_ES\/wp-json\/wp\/v2\/posts\/4595\/revisions\/4598"}],"wp:featuredmedia":[{"embeddable":true,"href":"https:\/\/leavicens.com\/es_ES\/wp-json\/wp\/v2\/media\/4596"}],"wp:attachment":[{"href":"https:\/\/leavicens.com\/es_ES\/wp-json\/wp\/v2\/media?parent=4595"}],"wp:term":[{"taxonomy":"category","embeddable":true,"href":"https:\/\/leavicens.com\/es_ES\/wp-json\/wp\/v2\/categories?post=4595"},{"taxonomy":"post_tag","embeddable":true,"href":"https:\/\/leavicens.com\/es_ES\/wp-json\/wp\/v2\/tags?post=4595"}],"curies":[{"name":"wp","href":"https:\/\/api.w.org\/{rel}","templated":true}]}}