{"id":5044,"date":"2019-08-30T22:33:15","date_gmt":"2019-08-30T20:33:15","guid":{"rendered":"http:\/\/leavicens.com\/?p=5044"},"modified":"2019-08-31T03:35:26","modified_gmt":"2019-08-31T01:35:26","slug":"lea-vicens-oreja-en-cuellar-segovia-tras-una-tarde-importante","status":"publish","type":"post","link":"https:\/\/leavicens.com\/es_ES\/lea-vicens-oreja-en-cuellar-segovia-tras-una-tarde-importante\/","title":{"rendered":"L\u00c9A VICENS, OREJA EN CUELLAR (SEGOVIA) TRAS UNA TARDE IMPORTANTE "},"content":{"rendered":"<p style=\"text-align: justify;\"><em><strong>\u201cBuena actuaci\u00f3n de<\/strong>\u00a0<strong>Lea Vicens<\/strong>\u00a0<strong>ante un buen astado, al que cort\u00f3 una oreja por desacertar con los aceros\u201d<\/strong><\/em><\/p>\n<p style=\"text-align: justify;\">Colorado, ojo perdiz y con br\u00edo fue el quinto. Mostr\u00f3 buen son de salida y apret\u00f3 hacia los adentros cuando\u00a0<strong>Vicens<\/strong>\u00a0le exigi\u00f3. Tuvo recorrido y mucha movilidad. La francesa aprovech\u00f3 sus virtudes y estuvo valiente. Seria actuaci\u00f3n que sald\u00f3 con tino en banderillas y una vistosa monta. Empa\u00f1\u00f3 la faena a espadas y al final pase\u00f3 una oreja. El astado fue aplaudido en el arrastre.<\/p>\n<p style=\"text-align: justify;\">Hondo, corto de manos y cuello fue el segundo, al que\u00a0<strong>Vicens<\/strong>\u00a0recibi\u00f3 con serenidad pero sin acople en las suerte. Cuando se asent\u00f3 y se dej\u00f3 llegar al burel, llegaron los mejores pasajes: a dos pistas y al quiebro. Elegante doma de la amazona gala, que cerr\u00f3 con dos rosas. Rejonazo trasero y agarrado, sin efectividad. Ovaci\u00f3n.<\/p>\n<p style=\"text-align: justify;\"><strong><em>Mundotoro.com<\/em><\/strong><\/p>\n<p style=\"text-align: justify;\"><em>https:\/\/www.mundotoro.com\/noticia\/guillermo-hermoso-de-mendoza-puerta-grande-en-el-cierre-de-cuellar\/1433514<\/em><\/p>\n<p>&nbsp;<\/p>\n<p><strong>FICHA DEL FESTEJO<\/strong><\/p>\n<p><em>Viernes 30 de agosto de 2019<\/em><\/p>\n<p><strong>Plaza de toros de\u00a0Cu\u00e9llar\u00a0<\/strong>(Segovia).<\/p>\n<p>Sexta y \u00faltima de feria.<\/p>\n<p>Entrada: Menos de media<\/p>\n<p>Astados de\u00a0Hermanos S\u00e1nchez Herrero, de escaso juego, a excepci\u00f3n del buen quinto.<\/p>\n<p>Pablo Hermoso de Mendoza; Ovaci\u00f3n y Silencio.<strong><br \/>\nLea Vicens, <\/strong>Ovaci\u00f3n y Oreja.<strong><br \/>\n<\/strong>Guillermo Hermoso de Mendoza; Ovaci\u00f3n tras aviso y Dos orejas.<\/p>\n<p>&nbsp;<\/p>\n<p><em><span style=\"text-decoration: underline;\">Foto:<\/span> Archivo leavicens.com \/ Chopera Toros<\/em><\/p>\n","protected":false},"excerpt":{"rendered":"<p style=\"text-align: justify;\"><em><strong>\u201cBuena actuaci\u00f3n de<\/strong>\u00a0<strong>Lea Vicens<\/strong>\u00a0<strong>ante un buen astado, al que cort\u00f3 una oreja por desacertar con los aceros\u201d<\/strong><\/em><\/p>\n<p style=\"text-align: justify;\">Colorado, ojo p&#8230;<\/p>\n","protected":false},"author":4,"featured_media":5046,"comment_status":"open","ping_status":"open","sticky":true,"template":"","format":"standard","meta":[],"categories":[20,1],"tags":[],"_links":{"self":[{"href":"https:\/\/leavicens.com\/es_ES\/wp-json\/wp\/v2\/posts\/5044"}],"collection":[{"href":"https:\/\/leavicens.com\/es_ES\/wp-json\/wp\/v2\/posts"}],"about":[{"href":"https:\/\/leavicens.com\/es_ES\/wp-json\/wp\/v2\/types\/post"}],"author":[{"embeddable":true,"href":"https:\/\/leavicens.com\/es_ES\/wp-json\/wp\/v2\/users\/4"}],"replies":[{"embeddable":true,"href":"https:\/\/leavicens.com\/es_ES\/wp-json\/wp\/v2\/comments?post=5044"}],"version-history":[{"count":2,"href":"https:\/\/leavicens.com\/es_ES\/wp-json\/wp\/v2\/posts\/5044\/revisions"}],"predecessor-version":[{"id":5048,"href":"https:\/\/leavicens.com\/es_ES\/wp-json\/wp\/v2\/posts\/5044\/revisions\/5048"}],"wp:featuredmedia":[{"embeddable":true,"href":"https:\/\/leavicens.com\/es_ES\/wp-json\/wp\/v2\/media\/5046"}],"wp:attachment":[{"href":"https:\/\/leavicens.com\/es_ES\/wp-json\/wp\/v2\/media?parent=5044"}],"wp:term":[{"taxonomy":"category","embeddable":true,"href":"https:\/\/leavicens.com\/es_ES\/wp-json\/wp\/v2\/categories?post=5044"},{"taxonomy":"post_tag","embeddable":true,"href":"https:\/\/leavicens.com\/es_ES\/wp-json\/wp\/v2\/tags?post=5044"}],"curies":[{"name":"wp","href":"https:\/\/api.w.org\/{rel}","templated":true}]}}