{"id":7024,"date":"2019-11-12T17:03:13","date_gmt":"2019-11-12T16:03:13","guid":{"rendered":"https:\/\/leavicens.com\/?p=7024"},"modified":"2019-11-21T15:04:27","modified_gmt":"2019-11-21T14:04:27","slug":"lea-vicens-lider-del-escalafon-2019-record-por-tercer-ano-consecutivo","status":"publish","type":"post","link":"https:\/\/leavicens.com\/es_ES\/lea-vicens-lider-del-escalafon-2019-record-por-tercer-ano-consecutivo\/","title":{"rendered":"L\u00c9A VICENS, 'LIDER DEL ESCALAF\u00d3N 2019'...RECORD, TERCER A\u00d1O CONSECUTIVO"},"content":{"rendered":"<p><img loading=\"lazy\" class=\"size-medium wp-image-7029 aligncenter\" src=\"https:\/\/leavicens.com\/lvicens\/wp-content\/uploads\/2019\/11\/L\u00e9a-Vicens-Principal-300x202.png\" alt=\"\" width=\"300\" height=\"202\" srcset=\"https:\/\/leavicens.com\/lvicens\/wp-content\/uploads\/2019\/11\/L\u00e9a-Vicens-Principal-300x202.png 300w, https:\/\/leavicens.com\/lvicens\/wp-content\/uploads\/2019\/11\/L\u00e9a-Vicens-Principal-600x404.png 600w, https:\/\/leavicens.com\/lvicens\/wp-content\/uploads\/2019\/11\/L\u00e9a-Vicens-Principal.png 701w\" sizes=\"(max-width: 300px) 100vw, 300px\" \/><\/p>\n<p>&nbsp;<\/p>\n<ul>\n<li style=\"text-align: justify;\">En\u00a0<strong>2019<\/strong>,\u00a0<strong>L\u00e9a Vicens<\/strong>,\u00a0 por\u00a0<strong>\u2018Tercer a\u00f1o consecutivo, Lider del Escalaf\u00f3n\u2019<\/strong>, con 40 festejos, 69 orejas y 2 rabos.<\/li>\n<\/ul>\n<p style=\"text-align: justify;\">El pasado 8 de junio,\u00a0<strong>L\u00e9a Vicens<\/strong>\u00a0consigui\u00f3 abrir la\u00a0<strong>Puerta Grande de Madrid:<\/strong>\u00a0<strong>Primera mujer de la historia en la Feria de San Isidro<\/strong>\u00a0 y adem\u00e1s,\u00a0<strong>el torero a caballo<\/strong>\u00a0que\u00a0<strong>m\u00e1s orejas cort\u00f3 en plazas de primera categor\u00eda.<\/strong><\/p>\n<p style=\"text-align: justify;\">Pero como no solo de\u00a0<strong>Madrid<\/strong>\u00a0vive un torero,\u00a0<strong>L\u00e9a Vicens<\/strong>\u00a0tambi\u00e9n triunf\u00f3 en la\u00a0<strong>Pen\u00ednsula<\/strong>\u00a0en cosos de la transcendencia de <strong>Valencia, Logro\u00f1o, Salamanca Burgos o Ja\u00e9n. <\/strong>Mientras en su pa\u00eds defendi\u00f3 su estatus en feudos de la importancia de <strong>Dax, Beziers\u00a0<\/strong>o<strong>\u00a0Nimes<\/strong>\u00a0donde se calibra y paladea el\u00a0<strong>toreo a caballo.<\/strong><\/p>\n<p style=\"text-align: justify;\">Un sinf\u00edn de plazas a un lado y otro de los Pirineos, constataron que el \u00e9xito capitalino del mes de junio no fue casualidad, sino consecuencia de su\u00a0<strong>excelente doma<\/strong>\u00a0y el estado de\u00a0<strong>madurez profesional<\/strong>\u00a0por el que atravesaba, y cada tarde se refleja delante del toro.<\/p>\n<p style=\"text-align: justify;\">La profunda determinaci\u00f3n y la aquilatada raza, han convertido a esta amazona rejoneadora en la <strong>primera mujer de la historia en liderar tres a\u00f1os seguidos el escalaf\u00f3n del toreo a caballo.<\/strong><\/p>\n<p>&nbsp;<\/p>\n<p><a href=\"https:\/\/leavicens.com\/es_ES\/estadisticas-2018-2\/\"><span style=\"color: #008000;\"><strong>.- TEMPORADA 2019<\/strong><\/span><\/a><\/p>\n<p>&nbsp;<\/p>\n<p><a href=\"https:\/\/www.mundotoro.com\/escalafon-toreros?txttipotorero=101&amp;txtyears=2019&amp;submit=Consultar\"><span style=\"color: #008000;\"><strong>.- ESTAD\u00cdSTICAS 2019\u00a0<\/strong><\/span><\/a><\/p>\n<p>&nbsp;<\/p>\n<p>&nbsp;<\/p>\n","protected":false},"excerpt":{"rendered":"<p><img loading=\"lazy\" class=\"size-medium wp-image-7029 aligncenter\" src=\"https:\/\/leavicens.com\/lvicens\/wp-content\/uploads\/2019\/11\/L\u00e9a-Vicens-Principal-300x202.png\" alt=\"\" width=\"300\" height=\"202\" srcset=\"https:\/\/leavicens.com\/lvicens\/wp-content\/uploads\/2019\/11\/L\u00e9a-Vicens-Principal-300x202.png 300w, https:\/\/leavicens.com\/lvicens\/wp-content\/uploads\/2019\/11\/L\u00e9a-Vicens-Principal-600x404.png 600w, https:\/\/leavicens.com\/lvicens\/wp-content\/uploads\/2019\/11\/L\u00e9a-Vicens-Principal.png 701w\" sizes=\"(max-width: 300px) 100vw, 300px\" \/><\/p>\n<p>&nbsp;<\/p>\n<ul>\n<li style=\"text-align: justify;\">En\u00a0<strong>2019<... \n<br \/>\n","protected":false},"author":4,"featured_media":7030,"comment_status":"open","ping_status":"open","sticky":true,"template":"","format":"standard","meta":[],"categories":[20,1],"tags":[],"_links":{"self":[{"href":"https:\/\/leavicens.com\/es_ES\/wp-json\/wp\/v2\/posts\/7024"}],"collection":[{"href":"https:\/\/leavicens.com\/es_ES\/wp-json\/wp\/v2\/posts"}],"about":[{"href":"https:\/\/leavicens.com\/es_ES\/wp-json\/wp\/v2\/types\/post"}],"author":[{"embeddable":true,"href":"https:\/\/leavicens.com\/es_ES\/wp-json\/wp\/v2\/users\/4"}],"replies":[{"embeddable":true,"href":"https:\/\/leavicens.com\/es_ES\/wp-json\/wp\/v2\/comments?post=7024"}],"version-history":[{"count":3,"href":"https:\/\/leavicens.com\/es_ES\/wp-json\/wp\/v2\/posts\/7024\/revisions"}],"predecessor-version":[{"id":7033,"href":"https:\/\/leavicens.com\/es_ES\/wp-json\/wp\/v2\/posts\/7024\/revisions\/7033"}],"wp:featuredmedia":[{"embeddable":true,"href":"https:\/\/leavicens.com\/es_ES\/wp-json\/wp\/v2\/media\/7030"}],"wp:attachment":[{"href":"https:\/\/leavicens.com\/es_ES\/wp-json\/wp\/v2\/media?parent=7024"}],"wp:term":[{"taxonomy":"category","embeddable":true,"href":"https:\/\/leavicens.com\/es_ES\/wp-json\/wp\/v2\/categories?post=7024"},{"taxonomy":"post_tag","embeddable":true,"href":"https:\/\/leavicens.com\/es_ES\/wp-json\/wp\/v2\/tags?post=7024"}],"curies":[{"name":"wp","href":"https:\/\/api.w.org\/{rel}","templated":true}]}}