{"id":7072,"date":"2019-11-21T13:41:12","date_gmt":"2019-11-21T12:41:12","guid":{"rendered":"https:\/\/leavicens.com\/?p=7072"},"modified":"2019-11-21T13:47:33","modified_gmt":"2019-11-21T12:47:33","slug":"7072-2","status":"publish","type":"post","link":"https:\/\/leavicens.com\/es_ES\/7072-2\/","title":{"rendered":"L\u00c9A VICENS, 'SOCIA DE HONOR' POR LA ASOCIACI\u00d3N ANDALUZA MONTA AMAZONA "},"content":{"rendered":"<p><em><strong>La Asociaci\u00f3n Andaluza Monta Amazona ha distinguido a la rejoneadora por ser \u2018Guardiana de la Tradici\u00f3n\u2019<\/strong><\/em><\/p>\n<p style=\"text-align: justify;\">La rejoneadora\u00a0<strong style=\"font-style: inherit;\">L\u00e9a Vicens<\/strong>\u00a0fue nombrada ayer, mi\u00e9rcoles 20 de noviembre,\u00a0<strong style=\"font-style: inherit;\">\u2018Socia de Honor\u2019<\/strong>\u00a0en su calidad de\u00a0<strong style=\"font-style: inherit;\">\u2018Guardiana de la Tradici\u00f3n\u2019,\u00a0\u00a0<\/strong>por la\u00a0<strong style=\"font-style: inherit;\">Asociaci\u00f3n Andaluza Monta Amazona<\/strong>. El reconocimiento estuvo enmarcado dentro las actividades que se desarrollan en el\u00a0<strong style=\"font-style: inherit;\">Sal\u00f3n Internacional del Caballo de Pura Raza Espa\u00f1ola. \u2018Sicab\u2019<\/strong>\u00a0se est\u00e1 celebrando en\u00a0<strong style=\"font-style: inherit;\">Sevilla<\/strong>\u00a0desde el pasado martes 19 hasta el domingo 24 de este mes.<\/p>\n<p style=\"text-align: justify;\">Un\u00a0 evento que estuvo tutelado por la Presidenta de la Asociaci\u00f3n Andaluza Monta Amazona,<strong style=\"font-style: inherit;\">\u00a0Milagros Calder\u00f3n;\u00a0<\/strong>la Vicepresidenta,\u00a0<strong style=\"font-style: inherit;\">Noelia Gonz\u00e1lez,\u00a0<\/strong>el Vicepresidente de la Federaci\u00f3n Andaluza de H\u00edpica,\u00a0<strong style=\"font-style: inherit;\">Manuel Baena<\/strong>\u00a0y un gran n\u00famero de\u00a0<strong style=\"font-style: inherit;\">amazonas<\/strong>\u00a0que arroparon a<strong style=\"font-style: inherit;\">\u00a0L\u00e9a Vicens.<\/strong><\/p>\n<p style=\"text-align: justify;\"><strong style=\"font-style: inherit;\">Noelia Gonz\u00e1lez\u00a0<\/strong>explic\u00f3 que:<strong style=\"font-style: inherit;\">\u00a0<\/strong><em style=\"font-weight: inherit;\"><strong>\u2018<\/strong><\/em><em style=\"font-weight: inherit;\">La Asociaci\u00f3n Andaluza Monta Amazona,\u00a0<\/em><strong style=\"font-style: inherit;\"><em>somos guardianas de nuestras tradiciones<\/em><\/strong><em>. Actualmente\u00a0<\/em><strong style=\"font-style: inherit;\"><em>m\u00e1s de un centenar de amazonas<\/em><\/strong><em>\u00a0formamos un referente por esfuerzo y constancia en\u00a0<\/em><strong style=\"font-style: inherit;\"><em>mantener viva las ra\u00edces de este \u00a0Arte Ecuestre<\/em><\/strong><em>\u2019.<\/em><\/p>\n<p style=\"text-align: justify;\"><em style=\"font-weight: inherit;\"><strong>\u2018<\/strong><\/em><em style=\"font-weight: inherit;\">Para nosotros<strong>\u00a0L\u00e9a Vicens es\u00a0<\/strong><\/em><strong style=\"font-style: inherit;\"><em>un verdadero referente<\/em><\/strong><em>, \u00a0una\u00a0<\/em><strong style=\"font-style: inherit;\"><em>mujer de fuertes convicciones<\/em><\/strong><em>, de acusada personalidad y de superaci\u00f3n constante.\u00a0<\/em><strong style=\"font-style: inherit;\"><em>Somos fieles seguidoras<\/em><\/strong><em>\u00a0de las temporadas de L\u00e9a y es un gran honor este nombramiento para nosotras\u00a0<\/em><strong style=\"font-style: inherit;\"><em>por enriquecer con su trabajo, esfuerzo, belleza y elegancia, el papel de la mujer en el mundo del caballo<\/em><\/strong><em>\u00a0y por su respeto por las tradiciones ecuestres\u2019.\u00a0<\/em>Asever\u00f3\u00a0<strong style=\"font-style: inherit;\">Noelia Gonz\u00e1lez<\/strong>, Vicepresidenta de la AAMA.<\/p>\n<p style=\"text-align: justify;\">Por su parte<strong style=\"font-style: inherit;\">\u00a0L\u00e9a Vicens<\/strong>\u00a0 agradeci\u00f3 el nombramiento:\u00a0<em style=\"font-weight: inherit;\">\u2018<\/em><strong style=\"font-style: inherit;\"><em>Me llena de alegr\u00eda<\/em><\/strong><em>\u00a0este reconocimiento de\u00a0<\/em><strong style=\"font-style: inherit;\"><em>\u2018Socia de Honor\u2019<\/em><\/strong>\u00a0<em style=\"font-weight: inherit;\">\u00a0y estoy\u00a0<\/em><strong style=\"font-style: inherit;\"><em>especialmente identificada con la monta a la amazona<\/em><\/strong><em>\u00a0y con todas las tradiciones de este\u00a0<\/em><strong style=\"font-style: inherit;\"><em>\u00a0Arte Ecuestre\u2019.<\/em><\/strong><\/p>\n\n\t\t<style type=\"text\/css\">\n\t\t\t#gallery-1 {\n\t\t\t\tmargin: auto;\n\t\t\t}\n\t\t\t#gallery-1 .gallery-item {\n\t\t\t\tfloat: left;\n\t\t\t\tmargin-top: 10px;\n\t\t\t\ttext-align: center;\n\t\t\t\twidth: 33%;\n\t\t\t}\n\t\t\t#gallery-1 img {\n\t\t\t\tborder: 2px solid #cfcfcf;\n\t\t\t}\n\t\t\t#gallery-1 .gallery-caption {\n\t\t\t\tmargin-left: 0;\n\t\t\t}\n\t\t\t\/* see gallery_shortcode() in wp-includes\/media.php *\/\n\t\t<\/style>\n\t\t<div id='gallery-1' class='gallery galleryid-7072 gallery-columns-3 gallery-size-thumbnail'><dl class='gallery-item'>\n\t\t\t<dt class='gallery-icon landscape'>\n\t\t\t\t<a href='https:\/\/leavicens.com\/es_ES\/7072-2\/2-lea-2\/'><img width=\"150\" height=\"113\" src=\"https:\/\/leavicens.com\/lvicens\/wp-content\/uploads\/2019\/11\/2-L\u00e9a-scaled.jpg\" class=\"attachment-thumbnail size-thumbnail\" alt=\"L\u00e9a Vicens, \u2018Socia de Honor\u2019 de las amazonas\" loading=\"lazy\" srcset=\"https:\/\/leavicens.com\/lvicens\/wp-content\/uploads\/2019\/11\/2-L\u00e9a-scaled.jpg 2560w, https:\/\/leavicens.com\/lvicens\/wp-content\/uploads\/2019\/11\/2-L\u00e9a-300x225.jpg 300w, https:\/\/leavicens.com\/lvicens\/wp-content\/uploads\/2019\/11\/2-L\u00e9a-600x450.jpg 600w\" sizes=\"(max-width: 150px) 100vw, 150px\" title=\"\" \/><\/a>\n\t\t\t<\/dt><\/dl><dl class='gallery-item'>\n\t\t\t<dt class='gallery-icon landscape'>\n\t\t\t\t<a href='https:\/\/leavicens.com\/es_ES\/7072-2\/3-lea\/'><img width=\"150\" height=\"113\" src=\"https:\/\/leavicens.com\/lvicens\/wp-content\/uploads\/2019\/11\/3-L\u00e9a-scaled.jpg\" class=\"attachment-thumbnail size-thumbnail\" alt=\"L\u00e9a Vicens, \u2018Socia de Honor\u2019 de las amazonas\" loading=\"lazy\" srcset=\"https:\/\/leavicens.com\/lvicens\/wp-content\/uploads\/2019\/11\/3-L\u00e9a-scaled.jpg 2560w, https:\/\/leavicens.com\/lvicens\/wp-content\/uploads\/2019\/11\/3-L\u00e9a-300x225.jpg 300w, https:\/\/leavicens.com\/lvicens\/wp-content\/uploads\/2019\/11\/3-L\u00e9a-600x450.jpg 600w\" sizes=\"(max-width: 150px) 100vw, 150px\" title=\"\" \/><\/a>\n\t\t\t<\/dt><\/dl><dl class='gallery-item'>\n\t\t\t<dt class='gallery-icon landscape'>\n\t\t\t\t<a href='https:\/\/leavicens.com\/es_ES\/7072-2\/4-lea\/'><img width=\"150\" height=\"94\" src=\"https:\/\/leavicens.com\/lvicens\/wp-content\/uploads\/2019\/11\/4-L\u00e9a.jpg\" class=\"attachment-thumbnail size-thumbnail\" alt=\"L\u00e9a Vicens, \u2018Socia de Honor\u2019 de las amazonas\" loading=\"lazy\" srcset=\"https:\/\/leavicens.com\/lvicens\/wp-content\/uploads\/2019\/11\/4-L\u00e9a.jpg 956w, https:\/\/leavicens.com\/lvicens\/wp-content\/uploads\/2019\/11\/4-L\u00e9a-300x187.jpg 300w, https:\/\/leavicens.com\/lvicens\/wp-content\/uploads\/2019\/11\/4-L\u00e9a-600x374.jpg 600w\" sizes=\"(max-width: 150px) 100vw, 150px\" title=\"\" \/><\/a>\n\t\t\t<\/dt><\/dl><br style=\"clear: both\" \/><dl class='gallery-item'>\n\t\t\t<dt class='gallery-icon portrait'>\n\t\t\t\t<a href='https:\/\/leavicens.com\/es_ES\/7072-2\/5-lea\/'><img width=\"113\" height=\"150\" src=\"https:\/\/leavicens.com\/lvicens\/wp-content\/uploads\/2019\/11\/5-L\u00e9a-scaled.jpg\" class=\"attachment-thumbnail size-thumbnail\" alt=\"L\u00e9a Vicens, \u2018Socia de Honor\u2019 de las amazonas\" loading=\"lazy\" srcset=\"https:\/\/leavicens.com\/lvicens\/wp-content\/uploads\/2019\/11\/5-L\u00e9a-scaled.jpg 1920w, https:\/\/leavicens.com\/lvicens\/wp-content\/uploads\/2019\/11\/5-L\u00e9a-300x400.jpg 300w, https:\/\/leavicens.com\/lvicens\/wp-content\/uploads\/2019\/11\/5-L\u00e9a-600x800.jpg 600w\" sizes=\"(max-width: 113px) 100vw, 113px\" title=\"\" \/><\/a>\n\t\t\t<\/dt><\/dl><dl class='gallery-item'>\n\t\t\t<dt class='gallery-icon portrait'>\n\t\t\t\t<a href='https:\/\/leavicens.com\/es_ES\/7072-2\/1-lea\/'><img width=\"113\" height=\"150\" src=\"https:\/\/leavicens.com\/lvicens\/wp-content\/uploads\/2019\/11\/1-L\u00e9a.jpg\" class=\"attachment-thumbnail size-thumbnail\" alt=\"L\u00e9a Vicens, \u2018Socia de Honor\u2019 de las amazonas\" loading=\"lazy\" srcset=\"https:\/\/leavicens.com\/lvicens\/wp-content\/uploads\/2019\/11\/1-L\u00e9a.jpg 1350w, https:\/\/leavicens.com\/lvicens\/wp-content\/uploads\/2019\/11\/1-L\u00e9a-300x400.jpg 300w, https:\/\/leavicens.com\/lvicens\/wp-content\/uploads\/2019\/11\/1-L\u00e9a-600x800.jpg 600w\" sizes=\"(max-width: 113px) 100vw, 113px\" title=\"\" \/><\/a>\n\t\t\t<\/dt><\/dl>\n\t\t\t<br style='clear: both' \/>\n\t\t<\/div>\n\n","protected":false},"excerpt":{"rendered":"<p><em><strong>La Asociaci\u00f3n Andaluza Monta Amazona ha distinguido a la rejoneadora por ser \u2018Guardiana de la Tradici\u00f3n\u2019<\/strong><\/em><\/p>\n<p style=\"text-align: justify;\">La rejoneadora\u00a0<strong style=\"font-style: inherit;\">L\u00e9a Vicens<\/strong>\u00a0fue nombrada a&#8230;<\/p>\n","protected":false},"author":4,"featured_media":7078,"comment_status":"open","ping_status":"open","sticky":true,"template":"","format":"standard","meta":[],"categories":[20,1],"tags":[],"_links":{"self":[{"href":"https:\/\/leavicens.com\/es_ES\/wp-json\/wp\/v2\/posts\/7072"}],"collection":[{"href":"https:\/\/leavicens.com\/es_ES\/wp-json\/wp\/v2\/posts"}],"about":[{"href":"https:\/\/leavicens.com\/es_ES\/wp-json\/wp\/v2\/types\/post"}],"author":[{"embeddable":true,"href":"https:\/\/leavicens.com\/es_ES\/wp-json\/wp\/v2\/users\/4"}],"replies":[{"embeddable":true,"href":"https:\/\/leavicens.com\/es_ES\/wp-json\/wp\/v2\/comments?post=7072"}],"version-history":[{"count":3,"href":"https:\/\/leavicens.com\/es_ES\/wp-json\/wp\/v2\/posts\/7072\/revisions"}],"predecessor-version":[{"id":7081,"href":"https:\/\/leavicens.com\/es_ES\/wp-json\/wp\/v2\/posts\/7072\/revisions\/7081"}],"wp:featuredmedia":[{"embeddable":true,"href":"https:\/\/leavicens.com\/es_ES\/wp-json\/wp\/v2\/media\/7078"}],"wp:attachment":[{"href":"https:\/\/leavicens.com\/es_ES\/wp-json\/wp\/v2\/media?parent=7072"}],"wp:term":[{"taxonomy":"category","embeddable":true,"href":"https:\/\/leavicens.com\/es_ES\/wp-json\/wp\/v2\/categories?post=7072"},{"taxonomy":"post_tag","embeddable":true,"href":"https:\/\/leavicens.com\/es_ES\/wp-json\/wp\/v2\/tags?post=7072"}],"curies":[{"name":"wp","href":"https:\/\/api.w.org\/{rel}","templated":true}]}}