{"id":8013,"date":"2019-12-17T11:54:41","date_gmt":"2019-12-17T10:54:41","guid":{"rendered":"https:\/\/leavicens.com\/?p=8013"},"modified":"2020-01-24T10:09:04","modified_gmt":"2020-01-24T09:09:04","slug":"lea-vicens-comienza-la-temporada-2020-en-sierra-yeguas","status":"publish","type":"post","link":"https:\/\/leavicens.com\/es_ES\/lea-vicens-comienza-la-temporada-2020-en-sierra-yeguas\/","title":{"rendered":"L\u00c9A VICENS, COMENZAR\u00c1 LA TEMPORADA 2020 EN SIERRA DE YEGUAS (M\u00c1LAGA)"},"content":{"rendered":"<p style=\"text-align: justify;\"><span style=\"color: #000000;\">La localidad malague\u00f1a de\u00a0<strong>Sierra de Yeguas<\/strong>\u00a0abrir\u00e1 la temporada taurina en\u00a0<strong>Andaluc\u00eda<\/strong>\u00a0de la mano del empresario ursaonense\u00a0Antonio Osuna.El gerente ha presentado en el\u00a0Sal\u00f3n de Plenos\u00a0del\u00a0Ayuntamientode\u00a0<strong>Sierra de Yeguas,\u00a0<\/strong>un importante festival que devolver\u00e1 los espect\u00e1culos taurinos al pueblo serre\u00f1o tras m\u00e1s de 20 a\u00f1os de ausencia. El acto cont\u00f3 con la presencia del Alcalde de la localidadJos\u00e9 Mar\u00eda Gonz\u00e1lez\u00a0y los actuantes\u00a0Pepe Moral\u00a0y\u00a0Julio Romero, entre otros destacados.<\/span><\/p>\n<p style=\"text-align: justify;\"><span style=\"text-decoration: underline; color: #000000;\"><em>El cartel es el siguiente:<\/em><\/span><\/p>\n<p style=\"text-align: justify;\"><span style=\"color: #000000;\"><strong>L\u00e9a Vicens, <\/strong>Javier Conde, Manuel Jes\u00fas \u2018El Cid\u2019, Miguel \u00c1ngel Delgado, Pepe Moral y el novillero Julio Romero que lidiar\u00e1n reses de la ganader\u00eda de Julio de la Puerta, el pr\u00f3ximo <strong>s\u00e1bado 8 de febrero,<\/strong> a las <strong>16:00 horas.<\/strong><\/span><\/p>\n<p>&nbsp;<\/p>\n","protected":false},"excerpt":{"rendered":"<p style=\"text-align: justify;\"><span style=\"color: #000000;\">La localidad malague\u00f1a de\u00a0<strong>Sierra de Yeguas<\/strong>\u00a0abrir\u00e1 la temporada taurina en\u00a0<strong>Andaluc\u00eda<\/strong>\u00a0de la mano del empresario ursaonense\u00a0Antonio Osuna.El gerente ha prese&#8230;<\/p>\n","protected":false},"author":4,"featured_media":0,"comment_status":"open","ping_status":"open","sticky":true,"template":"","format":"standard","meta":[],"categories":[20,1],"tags":[],"_links":{"self":[{"href":"https:\/\/leavicens.com\/es_ES\/wp-json\/wp\/v2\/posts\/8013"}],"collection":[{"href":"https:\/\/leavicens.com\/es_ES\/wp-json\/wp\/v2\/posts"}],"about":[{"href":"https:\/\/leavicens.com\/es_ES\/wp-json\/wp\/v2\/types\/post"}],"author":[{"embeddable":true,"href":"https:\/\/leavicens.com\/es_ES\/wp-json\/wp\/v2\/users\/4"}],"replies":[{"embeddable":true,"href":"https:\/\/leavicens.com\/es_ES\/wp-json\/wp\/v2\/comments?post=8013"}],"version-history":[{"count":6,"href":"https:\/\/leavicens.com\/es_ES\/wp-json\/wp\/v2\/posts\/8013\/revisions"}],"predecessor-version":[{"id":9022,"href":"https:\/\/leavicens.com\/es_ES\/wp-json\/wp\/v2\/posts\/8013\/revisions\/9022"}],"wp:attachment":[{"href":"https:\/\/leavicens.com\/es_ES\/wp-json\/wp\/v2\/media?parent=8013"}],"wp:term":[{"taxonomy":"category","embeddable":true,"href":"https:\/\/leavicens.com\/es_ES\/wp-json\/wp\/v2\/categories?post=8013"},{"taxonomy":"post_tag","embeddable":true,"href":"https:\/\/leavicens.com\/es_ES\/wp-json\/wp\/v2\/tags?post=8013"}],"curies":[{"name":"wp","href":"https:\/\/api.w.org\/{rel}","templated":true}]}}