{"id":9767,"date":"2020-02-09T01:18:06","date_gmt":"2020-02-09T00:18:06","guid":{"rendered":"https:\/\/leavicens.com\/?p=9767"},"modified":"2020-02-09T01:31:16","modified_gmt":"2020-02-09T00:31:16","slug":"lea-vicens-toreara-en-una-gran-corrida-mixta-en-tobarra-albacete","status":"publish","type":"post","link":"https:\/\/leavicens.com\/es_ES\/lea-vicens-toreara-en-una-gran-corrida-mixta-en-tobarra-albacete\/","title":{"rendered":"L\u00c9A VICENS, TOREAR\u00c1 EN UNA GRAN 'CORRIDA MIXTA' EN TOBARRA (ALBACETE) "},"content":{"rendered":"<p style=\"text-align: justify;\">En la ma\u00f1ana de hoy, s\u00e1bado 8 de marzo, se ha presentado en\u00a0<strong>Tobarra<\/strong>\u00a0el\u00a0<strong>\u2018Festejo Mixto\u2019<\/strong>\u00a0que tendr\u00e1 lugar el pr\u00f3ximo s\u00e1bado 7 de marzo,\u00a0 a partir de las 17:30 horas, en la plaza de toros cubierta de la citada localidad. Dicho evento ha sido dado a conocer por\u00a0<strong>Ra\u00fal Pe\u00f1a<\/strong>, Concejal de Asuntos Taurinos de Tobarra, y por\u00a0<strong>\u00d3scar Reina<\/strong>, representante de la empresa\u00a0<strong>Anochecer Taurino SL<\/strong>\u00a0y organizador del propio festejo.<\/p>\n<p style=\"text-align: justify;\">El cartel estar\u00e1 compuesto por la rejoneadora <strong>Lea Vicens<\/strong>,\u00a0<strong>David Fandila<\/strong>\u00a0<strong>\u2018El Fandi\u2019<\/strong>\u00a0y\u00a0<strong>Joaqu\u00edn Gald\u00f3s<\/strong>. El festejo lidiar\u00e1 reses pertenecer\u00e1n en su totalidad al hierro de\u00a0<strong>Hermanos Garc\u00eda Jim\u00e9nez<\/strong>.<\/p>\n<ul>\n<li style=\"text-align: justify;\"><em>S\u00e1bado, 7 de marzo: Toros de Hermanos Garc\u00eda Jim\u00e9nez para <strong>Lea Vicens<\/strong>,\u00a0David Fandila\u00a0\u2018El Fandi\u2019\u00a0y\u00a0Joaqu\u00edn Gald\u00f3s.<\/em><\/li>\n<\/ul>\n","protected":false},"excerpt":{"rendered":"<p style=\"text-align: justify;\">En la ma\u00f1ana de hoy, s\u00e1bado 8 de marzo, se ha presentado en\u00a0<strong>Tobarra<\/strong>\u00a0el\u00a0<strong>\u2018Festejo Mixto\u2019<\/strong>\u00a0que tendr\u00e1 lugar el pr\u00f3ximo s\u00e1bado 7 de marzo,\u00a0 a partir de las 17:30 horas, en la plaza de toros&#8230;<\/p>\n","protected":false},"author":4,"featured_media":9768,"comment_status":"open","ping_status":"open","sticky":true,"template":"","format":"standard","meta":[],"categories":[20,1],"tags":[],"_links":{"self":[{"href":"https:\/\/leavicens.com\/es_ES\/wp-json\/wp\/v2\/posts\/9767"}],"collection":[{"href":"https:\/\/leavicens.com\/es_ES\/wp-json\/wp\/v2\/posts"}],"about":[{"href":"https:\/\/leavicens.com\/es_ES\/wp-json\/wp\/v2\/types\/post"}],"author":[{"embeddable":true,"href":"https:\/\/leavicens.com\/es_ES\/wp-json\/wp\/v2\/users\/4"}],"replies":[{"embeddable":true,"href":"https:\/\/leavicens.com\/es_ES\/wp-json\/wp\/v2\/comments?post=9767"}],"version-history":[{"count":2,"href":"https:\/\/leavicens.com\/es_ES\/wp-json\/wp\/v2\/posts\/9767\/revisions"}],"predecessor-version":[{"id":9772,"href":"https:\/\/leavicens.com\/es_ES\/wp-json\/wp\/v2\/posts\/9767\/revisions\/9772"}],"wp:featuredmedia":[{"embeddable":true,"href":"https:\/\/leavicens.com\/es_ES\/wp-json\/wp\/v2\/media\/9768"}],"wp:attachment":[{"href":"https:\/\/leavicens.com\/es_ES\/wp-json\/wp\/v2\/media?parent=9767"}],"wp:term":[{"taxonomy":"category","embeddable":true,"href":"https:\/\/leavicens.com\/es_ES\/wp-json\/wp\/v2\/categories?post=9767"},{"taxonomy":"post_tag","embeddable":true,"href":"https:\/\/leavicens.com\/es_ES\/wp-json\/wp\/v2\/tags?post=9767"}],"curies":[{"name":"wp","href":"https:\/\/api.w.org\/{rel}","templated":true}]}}