{"id":12744,"global_id":"leavicens.com\/fr_FR?id=12744","global_id_lineage":["leavicens.com\/fr_FR?id=12744"],"author":"23","status":"publish","date":"2023-01-17 22:47:42","date_utc":"2023-01-17 21:47:42","modified":"2023-02-28 23:41:33","modified_utc":"2023-02-28 22:41:33","url":"https:\/\/leavicens.com\/fr_FR\/event\/la-linea-de-la-concepcion\/","rest_url":"https:\/\/leavicens.com\/fr_FR\/wp-json\/tribe\/events\/v1\/events\/12744","title":"La L\u00ednea de la Concepci\u00f3n","description":"<p><strong>Lugar: <\/strong>La L\u00ednea de la Concepci\u00f3n (C\u00e1diz)<\/p>\n<p><strong>Fecha: <\/strong>04 de marzo de 2023<\/p>\n<p><strong>Hora: <\/strong>17:00 horas<\/p>\n<p><strong>Cartel: <\/strong>L\u00c9A VICENS, Diego Urdiales, Miguel \u00c1ngel Perera, Cayetano Rivera, Daniel Luque y Marco P\u00e9rez<\/p>\n<p><strong>Ganader\u00eda: <\/strong>Ferm\u00edn Boh\u00f3rquez y La Palmosilla<\/p>","excerpt":"","slug":"la-linea-de-la-concepcion","image":{"url":"https:\/\/leavicens.com\/lvicens\/wp-content\/uploads\/2023\/01\/plaza-la-linea.jpg","id":12745,"extension":"jpg","width":667,"height":375,"sizes":{"medium":{"width":300,"height":169,"mime-type":"image\/jpeg","url":"https:\/\/leavicens.com\/lvicens\/wp-content\/uploads\/2023\/01\/plaza-la-linea-300x169.jpg"},"thumbnail":{"width":150,"height":150,"mime-type":"image\/jpeg","url":"https:\/\/leavicens.com\/lvicens\/wp-content\/uploads\/2023\/01\/plaza-la-linea-150x150.jpg"},"featured_preview":{"width":110,"height":110,"mime-type":"image\/jpeg","url":"https:\/\/leavicens.com\/lvicens\/wp-content\/uploads\/2023\/01\/plaza-la-linea-110x110.jpg"},"related":{"width":468,"height":314,"mime-type":"image\/jpeg","url":"https:\/\/leavicens.com\/lvicens\/wp-content\/uploads\/2023\/01\/plaza-la-linea-468x314.jpg"},"rss-thumb":{"width":300,"height":169,"mime-type":"image\/jpeg","url":"https:\/\/leavicens.com\/lvicens\/wp-content\/uploads\/2023\/01\/plaza-la-linea-300x169.jpg"},"woocommerce_thumbnail":{"width":300,"height":169,"mime-type":"image\/jpeg","uncropped":true,"url":"https:\/\/leavicens.com\/lvicens\/wp-content\/uploads\/2023\/01\/plaza-la-linea-300x169.jpg"},"woocommerce_single":{"width":600,"height":337,"mime-type":"image\/jpeg","url":"https:\/\/leavicens.com\/lvicens\/wp-content\/uploads\/2023\/01\/plaza-la-linea-600x337.jpg"},"woocommerce_gallery_thumbnail":{"width":100,"height":100,"mime-type":"image\/jpeg","url":"https:\/\/leavicens.com\/lvicens\/wp-content\/uploads\/2023\/01\/plaza-la-linea-100x100.jpg"},"shop_catalog":{"width":300,"height":169,"mime-type":"image\/jpeg","url":"https:\/\/leavicens.com\/lvicens\/wp-content\/uploads\/2023\/01\/plaza-la-linea-300x169.jpg"},"shop_single":{"width":600,"height":337,"mime-type":"image\/jpeg","url":"https:\/\/leavicens.com\/lvicens\/wp-content\/uploads\/2023\/01\/plaza-la-linea-600x337.jpg"},"shop_thumbnail":{"width":100,"height":100,"mime-type":"image\/jpeg","url":"https:\/\/leavicens.com\/lvicens\/wp-content\/uploads\/2023\/01\/plaza-la-linea-100x100.jpg"}}},"all_day":true,"start_date":"2023-03-04 00:00:00","start_date_details":{"year":"2023","month":"03","day":"04","hour":"00","minutes":"00","seconds":"00"},"end_date":"2023-03-04 23:59:59","end_date_details":{"year":"2023","month":"03","day":"04","hour":"23","minutes":"59","seconds":"59"},"utc_start_date":"2023-03-03 23:00:00","utc_start_date_details":{"year":"2023","month":"03","day":"03","hour":"23","minutes":"00","seconds":"00"},"utc_end_date":"2023-03-04 22:59:59","utc_end_date_details":{"year":"2023","month":"03","day":"04","hour":"22","minutes":"59","seconds":"59"},"timezone":"Europe\/Madrid","timezone_abbr":"CET","cost":"","cost_details":{"currency_symbol":"","currency_code":"","currency_position":"prefix","values":[]},"website":"","show_map":true,"show_map_link":true,"hide_from_listings":false,"sticky":false,"featured":false,"categories":[],"tags":[],"venue":[],"organizer":[],"json_ld":{"@context":"http:\/\/schema.org","@type":"Event","name":"La L\u00ednea de la Concepci\u00f3n","description":"&lt;p&gt;Lugar: La L\u00ednea de la Concepci\u00f3n (C\u00e1diz) Fecha: 04 de marzo de 2023 Hora: 17:00 horas Cartel: L\u00c9A VICENS, Diego...&lt;\/p&gt;\\n","image":"https:\/\/leavicens.com\/lvicens\/wp-content\/uploads\/2023\/01\/plaza-la-linea.jpg","url":"https:\/\/leavicens.com\/fr_FR\/event\/la-linea-de-la-concepcion\/","eventAttendanceMode":"https:\/\/schema.org\/OfflineEventAttendanceMode","startDate":"2023-03-04T00:00:00+01:00","endDate":"2023-03-04T23:59:59+01:00","performer":"Organization"}}