{"id":1078,"date":"2016-05-06T00:57:42","date_gmt":"2016-05-05T22:57:42","guid":{"rendered":"http:\/\/leavicens.com\/?p=1078"},"modified":"2016-05-06T01:29:41","modified_gmt":"2016-05-05T23:29:41","slug":"lea-vicens-oreja-en-jerez-de-la-fra","status":"publish","type":"post","link":"https:\/\/leavicens.com\/fr_FR\/lea-vicens-oreja-en-jerez-de-la-fra\/","title":{"rendered":"L\u00c9A VICENS, OREJA EN JEREZ DE LA FRA."},"content":{"rendered":"<p><a href=\"http:\/\/leavicens.com\/lvicens\/wp-content\/uploads\/2016\/05\/14.jpg\" rel=\"attachment wp-att-1080\"><img loading=\"lazy\" class=\"size-medium wp-image-1080\" src=\"http:\/\/leavicens.com\/lvicens\/wp-content\/uploads\/2016\/05\/14-300x295.jpg\" alt=\"5308804\" width=\"300\" height=\"295\" \/><\/a><\/p>\n<h3>L\u00e9a que conect\u00f3\u00a0con el p\u00fablico durante toda la lidia, cort\u00f3 una importante oreja al sexto.<\/h3>\n<p><strong>Mundotoro<\/strong><\/p>\n<p>\u00abLea Vicens se present\u00f3 en Jerez con una ovaci\u00f3n por parte del p\u00fablico al salir montando a \u2018Bach\u2019 para recibir al sexto. Esa conexi\u00f3n con el p\u00fablico continu\u00f3 durante toda la lidia. El toro se cerr\u00f3 en tablas desde antes de la primera banderilla, cuando tuvieron que abrirse los paraguas. El toro se hizo da\u00f1o y la francesa estuvo magistral a la hora de cuidarlo, provocando las embestidas sin tirones y manteniendo un ritmo constante. Con \u2018Desaf\u00edo\u2019 clav\u00f3 una banderilla al viol\u00edn, por dentro, casi sin espacio entre las tablas y su oponente. Puso dos banderillas cortas antes de dejar un rej\u00f3n trasero y pasear una oreja\u00bb.<\/p>\n<p><strong>Tendido Comunicaci\u00f3n<\/strong><\/p>\n<p>\u00abEl cierra plaza \u00abTumbado\u00bb para la francesa <b>Lea Vicens<\/b> que en un alarde de monta y buenos tercios en la doma le arranca una oreja a sexto tras tres horas de festejo\u00bb.<\/p>\n<p><strong>Aplausos<\/strong><\/p>\n<p>\u00abCerr\u00f3 plaza Lea Vicens, que se enfrent\u00f3 a un toro lesionado en el tercio de banderillas. Antes del contratiempo, la amazona francesa anduvo a buen nivel y templada montando a B\u00e9tico. Mat\u00f3 de un rej\u00f3n de muerte y pase\u00f3 un trofeo\u00bb.<\/p>\n<p><strong>Burladero<\/strong><\/p>\n<p>\u00abLo intenta todo la rejoneadora francesa<strong> Lea Vicens <\/strong>ante un toro que se l\u00e1stima muy pronto, ante lo cual no puede hacer m\u00e1s que abreviar logrando acabar con un gran rej\u00f3n final. Petici\u00f3n mayoritaria y una oreja????\u00bb.<\/p>\n<p>Foto: Arjona<\/p>\n","protected":false},"excerpt":{"rendered":"<p>L\u00e9a que conect\u00f3\u00a0con el p\u00fablico durante toda la lidia, cort\u00f3 una importante oreja al sexto. Mundotoro \u00abLea Vicens se present\u00f3&#8230;<\/p>\n","protected":false},"author":4,"featured_media":1081,"comment_status":"open","ping_status":"open","sticky":true,"template":"","format":"standard","meta":[],"categories":[20,1],"tags":[],"_links":{"self":[{"href":"https:\/\/leavicens.com\/fr_FR\/wp-json\/wp\/v2\/posts\/1078"}],"collection":[{"href":"https:\/\/leavicens.com\/fr_FR\/wp-json\/wp\/v2\/posts"}],"about":[{"href":"https:\/\/leavicens.com\/fr_FR\/wp-json\/wp\/v2\/types\/post"}],"author":[{"embeddable":true,"href":"https:\/\/leavicens.com\/fr_FR\/wp-json\/wp\/v2\/users\/4"}],"replies":[{"embeddable":true,"href":"https:\/\/leavicens.com\/fr_FR\/wp-json\/wp\/v2\/comments?post=1078"}],"version-history":[{"count":5,"href":"https:\/\/leavicens.com\/fr_FR\/wp-json\/wp\/v2\/posts\/1078\/revisions"}],"predecessor-version":[{"id":1089,"href":"https:\/\/leavicens.com\/fr_FR\/wp-json\/wp\/v2\/posts\/1078\/revisions\/1089"}],"wp:featuredmedia":[{"embeddable":true,"href":"https:\/\/leavicens.com\/fr_FR\/wp-json\/wp\/v2\/media\/1081"}],"wp:attachment":[{"href":"https:\/\/leavicens.com\/fr_FR\/wp-json\/wp\/v2\/media?parent=1078"}],"wp:term":[{"taxonomy":"category","embeddable":true,"href":"https:\/\/leavicens.com\/fr_FR\/wp-json\/wp\/v2\/categories?post=1078"},{"taxonomy":"post_tag","embeddable":true,"href":"https:\/\/leavicens.com\/fr_FR\/wp-json\/wp\/v2\/tags?post=1078"}],"curies":[{"name":"wp","href":"https:\/\/api.w.org\/{rel}","templated":true}]}}