{"id":1083,"date":"2016-05-06T01:13:42","date_gmt":"2016-05-05T23:13:42","guid":{"rendered":"http:\/\/leavicens.com\/?p=1083"},"modified":"2016-05-06T01:30:30","modified_gmt":"2016-05-05T23:30:30","slug":"lea-vicens-oreja-en-jerez-de-la-fra-2","status":"publish","type":"post","link":"https:\/\/leavicens.com\/fr_FR\/lea-vicens-oreja-en-jerez-de-la-fra-2\/","title":{"rendered":"L\u00c9A VICENS, OREJA EN JEREZ DE LA FRA."},"content":{"rendered":"<p><strong>Mundotoro<\/strong><\/p>\n<p><strong>\u2018Notable presentaci\u00f3n de<\/strong> <strong>Lea Vicens<\/strong>, <strong>que cort\u00f3 una oreja\u2019<\/strong><\/p>\n<p>\u00abEl rabo que pase\u00f3 Leonardo Hern\u00e1ndez, que sobresali\u00f3 a un nivel muy superior dentro del cartel de seis rejoneadores; las dos orejas de Rui Fernandes; o la, notable presentaci\u00f3n de <strong>Lea Vicens<\/strong>, que cort\u00f3 una oreja, hicieron sombra a la tarde de an\u00e9cdotas, entre el retraso por el acondicionamiento del ruedo y el mal juego de las mulillas. Se hizo de noche en la primera de feria que adem\u00e1s tuvo como compa\u00f1era al fr\u00edo y el viento.<\/p>\n<p><strong>Lea Vicens<\/strong> se present\u00f3 en Jerez con una ovaci\u00f3n por parte del p\u00fablico al salir montando a \u2018Bach\u2019 para recibir al sexto. Esa conexi\u00f3n con el p\u00fablico continu\u00f3 durante toda la lidia. El toro se cerr\u00f3 en tablas desde antes de la primera banderilla, cuando tuvieron que abrirse los paraguas. El toro se hizo da\u00f1o y la francesa estuvo magistral a la hora de cuidarlo, provocando las embestidas sin tirones y manteniendo un ritmo constante. Con \u2018Desaf\u00edo\u2019 clav\u00f3 una banderilla al viol\u00edn, por dentro, casi sin espacio entre las tablas y su oponente. Puso dos banderillas cortas antes de dejar un rej\u00f3n trasero y pasear una oreja.<\/p>\n<p>El tercero, hondo, acapachado, tuvo nobleza y colabor\u00f3 en una faena de mucha emoci\u00f3n y transmisi\u00f3n de Leonardo Hern\u00e1ndez, que puso al p\u00fablico en pie tras las cabriolas y realiz\u00f3 grandes quiebros. Ya cerrado en tablas puso cortas al viol\u00edn y una \u00faltima rosa en los medios. Otro rejonazo fulminante y palmas al comp\u00e1s antes de otorgarle las dos orejas y el rabo.<\/p>\n<p>Abri\u00f3 la feria un toro cuesta arriba y fino de Ferm\u00edn Boh\u00f3rquez al que Rui Fernandes puso dos rejones de castigo por ser el toro reserv\u00f3n. Eso tambi\u00e9n oblig\u00f3 al rejoneador a pasar en falso en las primeras banderillas y arriesgar mucho con los caballos, especialmente cuando cit\u00f3 en corto, dotando de emoci\u00f3n y superioridad a la faena. El rej\u00f3n final fue certero y pase\u00f3 las dos orejas.<\/p>\n<p>Sergio Gal\u00e1n recibi\u00f3 al segundo en la puerta de chiqueros. Un toro bajo y con mayor volumen, rajadito pero con calidad en el embroque. Tuvo que tirar de repertorio para provocar las embestidas, a corta distancia, siendo especialmente lucidas las tres banderillas primeras y un par a dos manos. Pinch\u00f3 en dos ocasiones y el problema con las mulillas en el arrastre, que tuvieron que ser sustituidas por un tractor, enfri\u00f3 el resultado de la actuaci\u00f3n.<\/p>\n<p>El cuarto hizo pareja con el primero en presencia, sali\u00f3 con mayor br\u00edo de los chiqueros y tuvo nobleza pero se vino a menos. La faena de Manuel Manzanares tuvo menor transmisi\u00f3n, tras el \u00e9xito anterior. Tuvo que echar pie a tierra para descabellar y de nuevo fueron protagonistas las mulillas.<\/p>\n<p>Largo y montado, el quinto fue manso. Con un solo rej\u00f3n de castigo tuvo velocidad cuando quiso embestir y Andr\u00e9s Romero ajust\u00f3 mucho en los quiebros y en las piruetas. El toro puso en un aprieto a un banderillero auxiliar en su huida hacia el burladero y alcanz\u00f3 a los caballos repetidamente. Finaliz\u00f3 con tres cortas y dej\u00f3 medio rej\u00f3n. Hubo petici\u00f3n minoritaria\u00bb.<\/p>\n<p><strong><em><u>FICHA DEL FESTEJO<\/u><\/em><\/strong><\/p>\n<p>Plaza de toros de Jerez de la Frontera &#8211; C\u00e1diz. Primera de la Feria del Caballo. Corrida de rejones.<\/p>\n<p>\u00abLleno\u201d<\/p>\n<p>Seis toros de <strong>Ferm\u00edn Boh\u00f3rquez,\u00a0<\/strong>bien presentados y de juego variado.<\/p>\n<p><strong>Rui Fernandes,\u00a0<\/strong>dos orejas.<\/p>\n<p><strong>Sergio Gal\u00e1n,\u00a0<\/strong>silencio.<\/p>\n<p><strong>Leonardo Hern\u00e1ndez,\u00a0<\/strong>dos orejas y rabo.<\/p>\n<p><strong>Manuel Manzanares,\u00a0<\/strong>silencio.<\/p>\n<p><strong>Andr\u00e9s Romero,\u00a0<\/strong>vuelta al ruedo tras petici\u00f3n.<\/p>\n<p><strong>Lea Vicens,\u00a0<\/strong>oreja.<\/p>\n<p>&nbsp;<\/p>\n<p>Foto: Arjona<\/p>\n","protected":false},"excerpt":{"rendered":"<p>Mundotoro \u2018Notable presentaci\u00f3n de Lea Vicens, que cort\u00f3 una oreja\u2019 \u00abEl rabo que pase\u00f3 Leonardo Hern\u00e1ndez, que sobresali\u00f3 a un&#8230;<\/p>\n","protected":false},"author":4,"featured_media":1080,"comment_status":"open","ping_status":"open","sticky":false,"template":"","format":"standard","meta":[],"categories":[19],"tags":[],"_links":{"self":[{"href":"https:\/\/leavicens.com\/fr_FR\/wp-json\/wp\/v2\/posts\/1083"}],"collection":[{"href":"https:\/\/leavicens.com\/fr_FR\/wp-json\/wp\/v2\/posts"}],"about":[{"href":"https:\/\/leavicens.com\/fr_FR\/wp-json\/wp\/v2\/types\/post"}],"author":[{"embeddable":true,"href":"https:\/\/leavicens.com\/fr_FR\/wp-json\/wp\/v2\/users\/4"}],"replies":[{"embeddable":true,"href":"https:\/\/leavicens.com\/fr_FR\/wp-json\/wp\/v2\/comments?post=1083"}],"version-history":[{"count":3,"href":"https:\/\/leavicens.com\/fr_FR\/wp-json\/wp\/v2\/posts\/1083\/revisions"}],"predecessor-version":[{"id":1090,"href":"https:\/\/leavicens.com\/fr_FR\/wp-json\/wp\/v2\/posts\/1083\/revisions\/1090"}],"wp:featuredmedia":[{"embeddable":true,"href":"https:\/\/leavicens.com\/fr_FR\/wp-json\/wp\/v2\/media\/1080"}],"wp:attachment":[{"href":"https:\/\/leavicens.com\/fr_FR\/wp-json\/wp\/v2\/media?parent=1083"}],"wp:term":[{"taxonomy":"category","embeddable":true,"href":"https:\/\/leavicens.com\/fr_FR\/wp-json\/wp\/v2\/categories?post=1083"},{"taxonomy":"post_tag","embeddable":true,"href":"https:\/\/leavicens.com\/fr_FR\/wp-json\/wp\/v2\/tags?post=1083"}],"curies":[{"name":"wp","href":"https:\/\/api.w.org\/{rel}","templated":true}]}}