{"id":10886,"date":"2020-02-28T20:07:15","date_gmt":"2020-02-28T19:07:15","guid":{"rendered":"https:\/\/leavicens.com\/?p=10886"},"modified":"2020-03-10T20:11:20","modified_gmt":"2020-03-10T19:11:20","slug":"lea-vicens-entrevista-por-bertin-osborne-en-canal-sur-tv-con-motivo-del-28-f","status":"publish","type":"post","link":"https:\/\/leavicens.com\/fr_FR\/lea-vicens-entrevista-por-bertin-osborne-en-canal-sur-tv-con-motivo-del-28-f\/","title":{"rendered":"L\u00c9A VICENS, ENTREVISTADA POR BERT\u00cdN OSBORNE EN CANAL SUR TV POR EL 28 F."},"content":{"rendered":"<p style=\"text-align: center;\"><em><strong>\u00abEl espacio se emiti\u00f3 desde el Teatro Antonio Banderas de M\u00e1laga\u00bb<\/strong><\/em><\/p>\n<p style=\"text-align: justify;\"><span style=\"color: #0000ff;\"><strong>Lea Vicens <\/strong><\/span>fue entrevista por <strong>Bert\u00edn Osborne<\/strong>\u00a0en el programa especial de <strong>Canal Sur TV<\/strong> con motivo del\u00a0<strong style=\"font-style: inherit;\">d\u00eda de Andaluc\u00eda<\/strong>. El espacio se emiti\u00f3 desde el<em style=\"font-weight: inherit;\">\u00a0<\/em><em>Teatro Antonio Banderas<\/em>\u00a0de\u00a0<strong style=\"font-style: inherit;\">M\u00e1laga<\/strong>.<\/p>\n<p style=\"text-align: justify;\">La jinete, que en las \u00faltimas tres temporadas ha ocupado el n\u00famero uno del escalaf\u00f3n de rejoneadores, habl\u00f3 con <strong>Osborne<\/strong> sobre lo que significa vivir en esta comunidad aut\u00f3noma sin ser andaluza de nacimiento.<\/p>\n<p style=\"text-align: justify;\">La amazona francesa se instal\u00f3 desde hace a\u00f1os en\u00a0<strong style=\"font-style: inherit;\">Sevilla<\/strong>\u00a0donde se considera muy unida a sus tradiciones y costumbres:<em style=\"font-weight: inherit;\">\u00a0\u201cSin olvidarme de mi origen y mis ra\u00edces francesas de las que estoy muy orgullosa, vivir en Espa\u00f1a y en Andaluc\u00eda, concretamente, es algo con lo que me siento muy identificada\u201d<\/em>.<\/p>\n<p style=\"text-align: justify;\">En el programa, adem\u00e1s de <span style=\"color: #0000ff;\"><strong>L\u00e9a<\/strong> <\/span><strong><span style=\"color: #0000ff;\">Vicens<\/span>,<\/strong> est\u00e1n tambi\u00e9n invitados el futbolista<strong style=\"font-style: inherit;\">\u00a0Joaqu\u00edn, Estrella Morente, Carlos Herrera,\u00a0<\/strong>el cocinero 3 estrellas Michel\u00edn<strong style=\"font-style: inherit;\">, Dani Garc\u00eda, Miguel Poveda, Pasi\u00f3n Vega\u00a0<\/strong>o<strong style=\"font-style: inherit;\">\u00a0Ainhoa Arteta<\/strong>\u00a0entre otros.<\/p>\n<p>&nbsp;<\/p>\n<p><span style=\"color: #008000;\"><a style=\"color: #008000;\" href=\"https:\/\/www.youtube.com\/watch?v=CThaK7cvH6c\">https:\/\/www.youtube.com\/watch?v=CThaK7cvH6c<\/a>\u00a0<\/span><\/p>\n","protected":false},"excerpt":{"rendered":"<p style=\"text-align: center;\"><em><strong>\u00abEl espacio se emiti\u00f3 desde el Teatro Antonio Banderas de M\u00e1laga\u00bb<\/strong><\/em><\/p>\n<p style=\"text-align: justify;\"><span style=\"color: #0000ff;\"><strong>Lea Vicens <\/strong><\/span>fue entrevista por <stron...\n<\/p>\n","protected":false},"author":4,"featured_media":10887,"comment_status":"open","ping_status":"open","sticky":true,"template":"","format":"standard","meta":[],"categories":[19,20,1],"tags":[],"_links":{"self":[{"href":"https:\/\/leavicens.com\/fr_FR\/wp-json\/wp\/v2\/posts\/10886"}],"collection":[{"href":"https:\/\/leavicens.com\/fr_FR\/wp-json\/wp\/v2\/posts"}],"about":[{"href":"https:\/\/leavicens.com\/fr_FR\/wp-json\/wp\/v2\/types\/post"}],"author":[{"embeddable":true,"href":"https:\/\/leavicens.com\/fr_FR\/wp-json\/wp\/v2\/users\/4"}],"replies":[{"embeddable":true,"href":"https:\/\/leavicens.com\/fr_FR\/wp-json\/wp\/v2\/comments?post=10886"}],"version-history":[{"count":4,"href":"https:\/\/leavicens.com\/fr_FR\/wp-json\/wp\/v2\/posts\/10886\/revisions"}],"predecessor-version":[{"id":10891,"href":"https:\/\/leavicens.com\/fr_FR\/wp-json\/wp\/v2\/posts\/10886\/revisions\/10891"}],"wp:featuredmedia":[{"embeddable":true,"href":"https:\/\/leavicens.com\/fr_FR\/wp-json\/wp\/v2\/media\/10887"}],"wp:attachment":[{"href":"https:\/\/leavicens.com\/fr_FR\/wp-json\/wp\/v2\/media?parent=10886"}],"wp:term":[{"taxonomy":"category","embeddable":true,"href":"https:\/\/leavicens.com\/fr_FR\/wp-json\/wp\/v2\/categories?post=10886"},{"taxonomy":"post_tag","embeddable":true,"href":"https:\/\/leavicens.com\/fr_FR\/wp-json\/wp\/v2\/tags?post=10886"}],"curies":[{"name":"wp","href":"https:\/\/api.w.org\/{rel}","templated":true}]}}