{"id":11328,"date":"2020-06-01T16:34:01","date_gmt":"2020-06-01T14:34:01","guid":{"rendered":"https:\/\/leavicens.com\/?p=11328"},"modified":"2020-06-02T20:51:50","modified_gmt":"2020-06-02T18:51:50","slug":"lea-vicens-convivo-a-diario-con-amenazas-de-muerte-de-antitaurinos-abc","status":"publish","type":"post","link":"https:\/\/leavicens.com\/fr_FR\/lea-vicens-convivo-a-diario-con-amenazas-de-muerte-de-antitaurinos-abc\/","title":{"rendered":"L\u00c9A VICENS: &#8216;CONVIVO A DIARIO CON AMENAZAS DE MUERTE DE ANTITAURINOS&#8217;"},"content":{"rendered":"<h4 style=\"text-align: justify;\"><strong>L\u00e9a Vicens: &#8216;Convivo a diario con amenazas de muerte de antitaurinos&#8217;<\/strong><\/h4>\n<ul>\n<li><strong><em>La primera rejoneadora francesa que ha abierto la Puerta Grande en San Isidro asegura que &#8216;ser torero es como ser un extraterrestre&#8217;<\/em><\/strong><\/li>\n<\/ul>\n<p><a href=\"https:\/\/leavicens.com\/lvicens\/wp-content\/uploads\/2020\/06\/56f5ed6c-b7b5-4b72-b91a-44663e1c7b40.jpg\"><img loading=\"lazy\" class=\"size-medium wp-image-11340 aligncenter\" src=\"https:\/\/leavicens.com\/lvicens\/wp-content\/uploads\/2020\/06\/56f5ed6c-b7b5-4b72-b91a-44663e1c7b40-222x300.jpg\" alt=\"\" width=\"222\" height=\"300\" \/><\/a><\/p>\n<footer><\/footer>\n<footer class=\"autores\"><span class=\"autor\" style=\"color: #3366ff;\">Rosario P\u00e9rez<\/span><\/footer>\n<p><span class=\"datos-articulo\" style=\"color: #ff0000;\"><span class=\"datos\"><span class=\"lugar\">Madrid<\/span><span class=\"fecha\"> :<time class=\"actualizado\" datetime=\"2020-06-01T09:49:39Z\">01\/06\/2020\u00a0<\/time><\/span><\/span><\/span><\/p>\n<p style=\"text-align: justify;\">\u00abCon un pie en el estribo\u00bb. Podr\u00eda ser el t\u00edtulo de un w\u00e9stern, pero son las primeras palabras de la rejoneadora francesa<strong> L\u00e9a Vicens<\/strong> (1985). Al otro lado del tel\u00e9fono, la paz del campo andaluz y el sonido de los caballos estallan en la primavera m\u00e1s at\u00edpica. \u00abEn esta \u00e9poca deber\u00eda estar toreando, pero parece que el invierno se hubiese prolongado\u00bb.<\/p>\n<p style=\"text-align: justify;\"><strong>\u2014\u00bfC\u00f3mo son los entrenamientos sin fecha en el calendario para la vuelta?<\/strong><\/p>\n<p style=\"text-align: justify;\">\u2014Los objetivos son diferentes, pero nadie me quita las doce horas en la finca. Ahora entreno m\u00e1s con los potros y los caballos nuevos, como \u00abOl\u00edmpico\u00bb, \u00abSorpresa\u00bb o \u00abFerm\u00edn\u00bb.<\/p>\n<p style=\"text-align: justify;\"><strong>\u2014\u00bfMonta alguien m\u00e1s sus equinos?<\/strong><\/p>\n<p style=\"text-align: justify;\">\u2014Nadie. Considero que un caballo necesita una compenetraci\u00f3n especial con su jinete, en exclusiva; si no, se puede desarreglar el \u00abinstrumento\u00bb&#8230;<\/p>\n<p style=\"text-align: justify;\"><strong>\u2014\u00bfC\u00f3mo lleva la vida confinada en el entorno rural?<\/strong><\/p>\n<p style=\"text-align: justify;\">\u2014Me considero una privilegiada. Tengo la suerte de no vivir ese confinamiento tan brutal de la mayor\u00eda de los ciudadanos urbanos. Aqu\u00ed sigo mi ritmo, con dedicaci\u00f3n absoluta a mis caballos.<\/p>\n<aside class=\"roba-intercalado sin-fondo layer_inpage\">\n<div id=\"google_ads_iframe_\/4900\/vocento.abc\/cultura\/toros_5__container__\"><iframe id=\"google_ads_iframe_\/4900\/vocento.abc\/cultura\/toros_5\" title=\"3rd party ad content\" name=\"google_ads_iframe_\/4900\/vocento.abc\/cultura\/toros_5\" width=\"1\" height=\"1\" frameborder=\"0\" marginwidth=\"0\" marginheight=\"0\" scrolling=\"no\" data-google-container-id=\"6\" data-load-complete=\"true\" data-mce-fragment=\"1\"><\/iframe><\/div>\n<\/aside>\n<p style=\"text-align: justify;\"><strong>\u2014Se habla del quebranto econ\u00f3mico del sector del toro, pero apenas se menciona el mundo del rejoneo&#8230;<\/strong><\/p>\n<p style=\"text-align: justify;\">\u2014No se habla, pero nosotros tambi\u00e9n llenamos plazas, tambi\u00e9n existimos. Y en el rejoneo hay gastos que no se pueden rebajar: los animales necesitan cuidados diarios, comida, higiene&#8230;Criar un caballo cuesta quince euros al d\u00eda \u2013hay que multiplicarlo por una cuadra de viente\u2013, y eso sin contar con el personal. En temporada, tengo quince personas trabajando; ahora, solo cinco. De todos modos, no me gusta llorar y busco soluciones. De manera paralela a mi profesi\u00f3n, he creado un proyecto tur\u00edstico en mi finca de Hinojos.<\/p>\n<p style=\"text-align: justify;\"><strong>\u2014\u00bfQu\u00e9 ense\u00f1anza le ha dejado esta situaci\u00f3n por la pandemia?<\/strong><\/p>\n<p style=\"text-align: justify;\">\u2014Valoro m\u00e1s lo conseguido, todo a base de trabajo. Yo no puedo quejarme, pero me entristece el sufrimiento de los dem\u00e1s, esa gente que ha perdido a sus seres queridos, esa gente que no tiene ni para comer. Eso es dur\u00edsimo y hace que valoremos m\u00e1s lo que tenemos.<\/p>\n<p style=\"text-align: justify;\"><strong>\u2014Don \u00c1ngel Peralta fue el primero que crey\u00f3 en usted.<\/strong><\/p>\n<p style=\"text-align: justify;\">\u2014Me he formado desde cero, en casa de los Peralta, donde llegu\u00e9 en 2006. Don \u00c1ngel apost\u00f3 por m\u00ed, como si fuese un reto, y no le he traicionado. Me he hecho yo sola. Compr\u00e9 mis caballos con el dinero que ganaba domando otros y con el que empec\u00e9 a ganar en las plazas chicas. Fui ganando galones y me he anunciado en los sitios m\u00e1s importantes hasta ser l\u00edder del escalaf\u00f3n. Sigo con la ilusi\u00f3n del primer d\u00eda, intentando mejorar.<\/p>\n<p style=\"text-align: justify;\"><strong>\u2014Un a\u00f1o atr\u00e1s, se convirti\u00f3 en la primera amazona francesa que abr\u00eda la Puerta Grande en San Isidro. \u00bfC\u00f3mo lo recuerda?<\/strong><\/p>\n<p style=\"text-align: justify;\">\u2014Fue un d\u00eda guapo y espectacular; lo disfrut\u00e9 de principio a fin. Una tarde inolvidable que se uni\u00f3 a otra de ensue\u00f1o: la Puerta de los C\u00f3nsules de Nimes.<\/p>\n<p style=\"text-align: justify;\"><span style=\"color: #999999;\">&#8212;&#8212;&#8212;&#8212;&#8212;&#8212;&#8212;&#8212;&#8212;&#8212;&#8212;&#8212;&#8212;&#8212;&#8212;&#8212;&#8212;&#8212;&#8212;&#8212;&#8212;&#8212;&#8212;&#8212;&#8212;&#8212;&#8212;&#8212;&#8212;&#8212;&#8212;&#8212;&#8212;&#8212;&#8212;&#8212;&#8212;&#8212;&#8212;&#8212;<\/span><\/p>\n<h5 class=\"sumario\" style=\"text-align: justify;\"><span style=\"color: #003366;\"><em><strong><span class=\"texto-sumario\">\u00abEl Ministerio de Cultura debe darnos el lugar que nos corresponde, sin discriminaciones ni complejos, sin tanto miedo a nombrar a los toreros\u00bb<\/span><\/strong><\/em><\/span><\/h5>\n<p style=\"text-align: justify;\"><span style=\"color: #999999;\">&#8212;&#8212;&#8212;&#8212;&#8212;&#8212;&#8212;&#8212;&#8212;&#8212;&#8212;&#8212;&#8212;&#8212;&#8212;&#8212;&#8212;&#8212;&#8212;&#8212;&#8212;&#8212;&#8212;&#8212;&#8212;&#8212;&#8212;&#8212;&#8212;&#8212;&#8212;&#8212;&#8212;&#8212;&#8212;&#8212;&#8212;&#8212;&#8212;&#8212;<\/span><\/p>\n<p style=\"text-align: justify;\"><strong>\u2014Suele decirse que en Francia llevan la delantera a Espa\u00f1a a nivel taurino. \u00bfLo ve as\u00ed?<\/strong><\/p>\n<p style=\"text-align: justify;\">\u2014No, creo que es una utop\u00eda espa\u00f1ola. Lo que pasa es que all\u00ed el territorio taurino est\u00e1 reducido al sur, est\u00e1n muy unidos y el Gobierno no se mete.<\/p>\n<p style=\"text-align: justify;\"><strong>\u2014Esa unidad ya es un paso adelante. <\/strong><\/p>\n<p style=\"text-align: justify;\">\u2014Con esta crisis, el mundo del toro tambi\u00e9n se est\u00e1 uniendo en Espa\u00f1a. Dentro de este mal hemos creado un bien: la uni\u00f3n, algo necesario. Y la Fundaci\u00f3n del Toro tambi\u00e9n est\u00e1 ayudando. En mi caso, estoy en un grupo de trabajo con otros toreros. Eso s\u00ed, considero que el sector debe reestructurarse, porque su econom\u00eda no es sostenible as\u00ed.<\/p>\n<p style=\"text-align: justify;\"><strong>\u2014\u00bfQu\u00e9 opina de la actitud del Gobierno en materia taurina?<\/strong><\/p>\n<p style=\"text-align: justify;\">\u2014Hemos ganado un primer paso con el hecho de que el ministro Rodr\u00edguez Uribes haya incluido al mundo del toro dentro de la cultura y estamos a la espera de medidas concretas. El Ministerio de Cultura debe darnos el lugar que nos corresponde, sin discriminaciones ni complejos, sin tanto miedo a nombrar a los toreros. Exigimos igualdad y nuestros derechos, como el resto de industrias culturales. Que nos consideren gente normal y no ciudadanos de segunda.<\/p>\n<p style=\"text-align: justify;\"><strong>\u2014En una sociedad cada vez m\u00e1s desnaturalizada y con un fuerte movimiento animalista, \u00bfalguna vez se ha cuestionado su propia profesi\u00f3n?<\/strong><\/p>\n<p style=\"text-align: justify;\">\u2014En algunas reuniones, he tenido la sensaci\u00f3n de que ser torero es como ser un extraterrestre. Adem\u00e1s, estoy conviviendo a diario con amenazas de muerte de antitaurinos, con insultos en redes, con hackeo de cuentas&#8230; Para m\u00ed, eso es una forma de terrorismo.<\/p>\n<p style=\"text-align: justify;\"><strong>\u2014\u00bfSiente miedo?<\/strong><\/p>\n<p style=\"text-align: justify;\">\u2014En Francia me pusieron escolta policial, que me segu\u00eda a todas partes. Mi familia y yo recibimos amenazas terribles de muerte y denunci\u00e9 a un antitaurino que me acusaba de torturadora y asesina. Eso no se puede consentir.<\/p>\n<p style=\"text-align: justify;\"><strong>\u2014\u00bfC\u00f3mo logra templarse?<\/strong><\/p>\n<p style=\"text-align: justify;\">\u2014Don \u00c1ngel Peralta me ense\u00f1\u00f3 la filosof\u00eda del temple. Y ese temple suyo me gu\u00eda en la vida, una vida a caballo.<\/p>\n<aside class=\"despiece\">\n<h5 class=\"ladillo\"><span style=\"color: #003366;\"><em>\u00abEl lenguaje inclusivo es atroz\u00bb<\/em><\/span><\/h5>\n<p style=\"text-align: justify;\"><em><span style=\"color: #003366;\">\u00abEn la \u00e9poca que me ha tocado vivir, no he sentido nada de machismo en el mundo del toro\u00bb, afirma L\u00e9a Vicens, la rejoneadora que cabalga por los ruedos a ritmo de triunfo. Y a\u00f1ade: \u00abLas \u00fanicas veces que he sentido, digamos, tristeza por ser mujer ha sido al leer alguna prensa taurina, con frases peyorativas. Pero siempre me he sentido torero. A m\u00ed el toro no me ve como hombre ni como mujer, no entiende de sexo\u00bb. Y se refiere al \u00abtodas y todos\u00bb: \u00abEl lenguaje inclusivo es atroz, me irrita y, para colmo, suele usarse mal\u00bb. Respecto al p\u00fablico, dice que \u00abes genial; cuando me sale bien, se vuelca, aunque es verdad que cuando me sale mal me suele exigir m\u00e1s, pero en general la gente es encantadora\u00bb. Su deseo es reencontrarse pronto con la afici\u00f3n, pero esta amazona gala, licenciada en Biolog\u00eda, se\u00f1ala que lo primero es domar este virus: \u00abConf\u00edo en los genios de este siglo, aunque hasta que no se encuentre una vacuna debemos protegernos y proteger a los dem\u00e1s\u00bb.<\/span><\/em><\/p>\n<p>&nbsp;<\/p>\n<\/aside>\n<p style=\"text-align: center;\"><a href=\"https:\/\/www.abc.es\/cultura\/toros\/abci-vicens-convivo-diario-amenazas-antitaurinos-202006010048_noticia.html?ref=https:%2F%2Fwww.abc.es%2Fcultura%2Ftoros%2Fabci-vicens-convivo-diario-amenazas-antitaurinos-202006010048_noticia.html\"><strong><span style=\"color: #008000;\">Clip aqu\u00ed para ver en ABC<\/span><\/strong><\/a><\/p>\n<p>&nbsp;<\/p>\n","protected":false},"excerpt":{"rendered":"<h4 style=\"text-align: justify;\"><strong>L\u00e9a Vicens: &#8216;Convivo a diario con amenazas de muerte de antitaurinos&#8217;<\/strong><\/h4>\n<ul>\n<li><strong><em>La primera rejoneadora francesa que ha abierto la Puerta Grande en San Isidro asegura que &#8216;ser torer&#8230;<br \/>\n","protected":false},"author":4,"featured_media":11329,"comment_status":"open","ping_status":"open","sticky":true,"template":"","format":"standard","meta":[],"categories":[19,20,1],"tags":[],"_links":{"self":[{"href":"https:\/\/leavicens.com\/fr_FR\/wp-json\/wp\/v2\/posts\/11328"}],"collection":[{"href":"https:\/\/leavicens.com\/fr_FR\/wp-json\/wp\/v2\/posts"}],"about":[{"href":"https:\/\/leavicens.com\/fr_FR\/wp-json\/wp\/v2\/types\/post"}],"author":[{"embeddable":true,"href":"https:\/\/leavicens.com\/fr_FR\/wp-json\/wp\/v2\/users\/4"}],"replies":[{"embeddable":true,"href":"https:\/\/leavicens.com\/fr_FR\/wp-json\/wp\/v2\/comments?post=11328"}],"version-history":[{"count":4,"href":"https:\/\/leavicens.com\/fr_FR\/wp-json\/wp\/v2\/posts\/11328\/revisions"}],"predecessor-version":[{"id":11341,"href":"https:\/\/leavicens.com\/fr_FR\/wp-json\/wp\/v2\/posts\/11328\/revisions\/11341"}],"wp:featuredmedia":[{"embeddable":true,"href":"https:\/\/leavicens.com\/fr_FR\/wp-json\/wp\/v2\/media\/11329"}],"wp:attachment":[{"href":"https:\/\/leavicens.com\/fr_FR\/wp-json\/wp\/v2\/media?parent=11328"}],"wp:term":[{"taxonomy":"category","embeddable":true,"href":"https:\/\/leavicens.com\/fr_FR\/wp-json\/wp\/v2\/categories?post=11328"},{"taxonomy":"post_tag","embeddable":true,"href":"https:\/\/leavicens.com\/fr_FR\/wp-json\/wp\/v2\/tags?post=11328"}],"curies":[{"name":"wp","href":"https:\/\/api.w.org\/{rel}","templated":true}]}}