{"id":11410,"date":"2020-07-23T18:52:32","date_gmt":"2020-07-23T16:52:32","guid":{"rendered":"https:\/\/leavicens.com\/?p=11410"},"modified":"2020-07-31T21:30:03","modified_gmt":"2020-07-31T19:30:03","slug":"lea-vicens-portada-del-suplemento-la-razon-del-verano-diario-la-razon","status":"publish","type":"post","link":"https:\/\/leavicens.com\/fr_FR\/lea-vicens-portada-del-suplemento-la-razon-del-verano-diario-la-razon\/","title":{"rendered":"L\u00c9A VICENS, PORTADA DEL SUPLEMENTO LA RAZ\u00d3N DEL VERANO (DIARIO LA RAZ\u00d3N)"},"content":{"rendered":"<p style=\"text-align: justify;\">La rejoneadora francesa<strong>\u00a0Lea Vicens<\/strong>\u00a0es la protagonista de la portada del\u00a0<strong>LVR<\/strong>, el suplemento de verano del diario\u00a0<strong>La Raz\u00f3n<\/strong>, y del reportaje central en su edici\u00f3n del jueves 23 de julio.<\/p>\n<p style=\"text-align: justify;\">En la entrevista, firmada por la periodista<strong>\u00a0Patricia Navarro<\/strong>\u00a0y con im\u00e1genes del fot\u00f3grafo<strong>\u00a0Manuel Olmedo<\/strong>, la amazona francesa cuenta su experiencia como la rejoneadora que ha liderado el escalaf\u00f3n de rejoneadores durante los \u00faltimos tres a\u00f1os, con opiniones muy personales sobre el feminismo, la pol\u00edtica, el animalismo, el miedo y su \u00faltima experiencia como embajadora de<strong>\u00a0TauroTen<\/strong>, la nueva plataforma de contenido taurino, entre otros temas.<\/p>\n<h5><strong>Lea Vicens: \u201c\u00bfAnimalista? No, yo respeto al animal, no quiero humanizarlo\u201d<\/strong><\/h5>\n<p>La rejoneadora, que ha pasado el confinamiento en el campo, afronta la temporada m\u00e1s rara de toda su trayectoria \u00abes lo m\u00e1s parecido a estar jubilada despu\u00e9s de 14 a\u00f1os entrenando a tope\u00bb<\/p>\n<p style=\"text-align: center;\">\u00a0\u00a0\u00a0\u00a0\u00a0\u00a0\u00a0\u00a0\u00a0\u00a0 <a href=\"https:\/\/leavicens.com\/lvicens\/wp-content\/uploads\/2020\/07\/Sin-t\u00edtulo-2.png\"><img loading=\"lazy\" class=\" wp-image-11411 aligncenter\" src=\"https:\/\/leavicens.com\/lvicens\/wp-content\/uploads\/2020\/07\/Sin-t\u00edtulo-2-300x199.png\" alt=\"\" width=\"396\" height=\"263\" srcset=\"https:\/\/leavicens.com\/lvicens\/wp-content\/uploads\/2020\/07\/Sin-t\u00edtulo-2-300x199.png 300w, https:\/\/leavicens.com\/lvicens\/wp-content\/uploads\/2020\/07\/Sin-t\u00edtulo-2-600x399.png 600w, https:\/\/leavicens.com\/lvicens\/wp-content\/uploads\/2020\/07\/Sin-t\u00edtulo-2.png 721w\" sizes=\"(max-width: 396px) 100vw, 396px\" \/><\/a> \u00a0\u00a0\u00a0\u00a0\u00a0\u00a0\u00a0\u00a0 03\/07\/2020 La Rejoneadora, Lea Vicens \/ Foto: Manuel Olmedo | Manuel olmedo \/ La Raz\u00f3n<\/p>\n<p><a href=\"https:\/\/www.larazon.es\/autor\/pnavarro\/\"><strong>Patricia Navarro<\/strong><\/a>\u00a0|\u00a0SEVILLA<\/p>\n<p style=\"text-align: justify;\">Lea Vicens vive en el campo, entre animales, es mujer y torea a caballo. Por la crisis sanitaria ha cambiado los planes de esta temporada 2020. Se adapta y reinventa. Sorprende.<\/p>\n<p style=\"text-align: justify;\"><strong>-Est\u00e1 metida en el campo, pero le podremos ver a trav\u00e9s de Tauroten&#8230;<\/strong><\/p>\n<p style=\"text-align: justify;\">-S\u00ed, estoy participando en la plataforma digital con otros cinco toreros y pretendemos trasladar a los abonados parte de nuestra cotidianidad. Creo que el mundo del toro necesita ser contado y aqu\u00ed tenemos una gran oportunidad. El p\u00fablico ve el espect\u00e1culo, pero no conoce, siempre, lo que hay detr\u00e1s.<\/p>\n<p style=\"text-align: justify;\"><strong>-Si pusi\u00e9ramos t\u00edtulo de pel\u00edcula a este a\u00f1o ser\u00eda&#8230;<\/strong><\/p>\n<p style=\"text-align: justify;\">-La temporada m\u00e1s rara, m\u00e1s triste o m\u00e1s ca\u00f3tica de la historia.<\/p>\n<p style=\"text-align: justify;\"><strong>-\u00bfC\u00f3mo ha llevado el confinamiento?<\/strong><\/p>\n<p style=\"text-align: justify;\">-He tenido la suerte de no notarlo tanto, porque vivo casi confinada de manera habitual, encerrada en el campo, pero es un privilegio hacerlo en la naturaleza y no en un piso.<\/p>\n<p style=\"text-align: justify;\"><strong>-\u00bfSigue entrenando igual que una temporada normal?<\/strong><\/p>\n<p style=\"text-align: justify;\">-Cuando empez\u00f3 el estado de alarma, la inc\u00f3gnita del virus, toda esta pandemia tan brutal, me vine abajo y me relaj\u00e9 en la intensidad de los entrenamientos. Sigo montando todos los d\u00edas, pero dej\u00e9 de presionarme por tener que montar a los quince caballos todos los d\u00edas y culpabilizarme si no lo hac\u00eda. Cuando se empezaron a anunciar los primeros carteles ya me cambi\u00f3 la cabeza.<\/p>\n<p style=\"text-align: justify;\"><strong>-\u00bfEn qu\u00e9 se ha hecho especialista durante el confinamiento?<\/strong><\/p>\n<p style=\"text-align: justify;\">-He desarrollado nuevas aficiones, una de ellas es la apicultura, me encanta, voy todos los d\u00edas a ver a las abejas, aprendo mucho de ellas y de su estructura, de c\u00f3mo se organizan&#8230; He descubierto una pasi\u00f3n. Y otra de las cosas que he descubierto que quiero hacer es ofrecerme para hacer una actividad tur\u00edstica en la finca para ense\u00f1ar mi mundo desde dentro.<\/p>\n<p style=\"text-align: justify;\"><a href=\"https:\/\/leavicens.com\/lvicens\/wp-content\/uploads\/2020\/07\/Sin-t\u00edtulo-1.png\"><img loading=\"lazy\" class=\"wp-image-11412 aligncenter\" src=\"https:\/\/leavicens.com\/lvicens\/wp-content\/uploads\/2020\/07\/Sin-t\u00edtulo-1-300x208.png\" alt=\"\" width=\"431\" height=\"299\" srcset=\"https:\/\/leavicens.com\/lvicens\/wp-content\/uploads\/2020\/07\/Sin-t\u00edtulo-1-300x208.png 300w, https:\/\/leavicens.com\/lvicens\/wp-content\/uploads\/2020\/07\/Sin-t\u00edtulo-1-600x415.png 600w, https:\/\/leavicens.com\/lvicens\/wp-content\/uploads\/2020\/07\/Sin-t\u00edtulo-1.png 733w\" sizes=\"(max-width: 431px) 100vw, 431px\" \/><\/a><\/p>\n<p style=\"text-align: justify;\">La rejoneadora Lea Vicens\/Foto: Manuel Olmedo<\/p>\n<p style=\"text-align: justify;\"><strong>-\u00bfA qui\u00e9n pondr\u00eda en cuarentena?<\/strong><\/p>\n<p style=\"text-align: justify;\">&#8211; No soy nadie para poner en cuarenta, pero creo que a nivel pol\u00edtico deber\u00edan preguntarse si est\u00e1n haciendo bien las cosas.<\/p>\n<p style=\"text-align: justify;\"><strong>-Su sector ha tenido un estado de alarma movido.<\/strong><\/p>\n<p style=\"text-align: justify;\">-Ha sido vergonzoso c\u00f3mo dejan de lado a la tauromaquia. Creo que en este caso han sido los pol\u00edticos los que nos han toreado. Es una pena que la tauromaquia se politice, porque es un aut\u00e9ntico tesoro.<\/p>\n<p style=\"text-align: justify;\"><strong>-\u00bfEs feminista?<\/strong><\/p>\n<p style=\"text-align: justify;\">-Considero que hay que trabajar la igualdad, pero no comparto nada una ideolog\u00eda militante ni politizar el feminismo. Defiendo los valores de cada uno de manera igualitaria.<\/p>\n<p style=\"text-align: justify;\"><strong>-\u00bfQu\u00e9 le dir\u00eda a Pablo Iglesias?<\/strong><\/p>\n<p style=\"text-align: justify;\">-Le pedir\u00eda respeto. \u00c9l pide eso permanentemente, pero no lo pone en pr\u00e1ctica con aquello que no le gusta.<\/p>\n<p style=\"text-align: justify;\"><strong>-\u00bfY a un animalista?<\/strong><\/p>\n<p style=\"text-align: justify;\">-Que se vengan una semana conmigo, sin hablar. Y luego que me digan su opini\u00f3n.<\/p>\n<p style=\"text-align: justify;\"><strong>-\u00bfSe siente animalista?<\/strong><\/p>\n<p style=\"text-align: justify;\">-No, no me siento animalista, porque como feminista, y casi todo lo que acaba en \u00abista\u00bb, tiene una connotaci\u00f3n militante y no me gusta. El animalismo tiene un concepto de bienestar animal totalmente humanizado. Piensan que el animal est\u00e1 feliz si lo tratan como un humano y ya el concepto de felicidad me escama. Yo respeto al animal sin cambiar la naturaleza de su especie. Vivo entre animales. Siempre. \u00bfCu\u00e1ntos de los que se llaman animalistas lo hacen?<\/p>\n<p style=\"text-align: justify;\"><strong>-\u00bfQu\u00e9 es el valor?<\/strong><\/p>\n<p style=\"text-align: justify;\">-Valor es dominar el miedo y ser uno mismo en cada situaci\u00f3n.<\/p>\n<p style=\"text-align: justify;\"><strong>-\u00bfLe molestan los piropos?<\/strong><\/p>\n<p style=\"text-align: justify;\">-Me encantan, siempre que tengan arte y no sean pesados. Me encantan que me digan bonita, guapa y qu\u00e9 bien lo haces. A nadie le incomoda un halago.<\/p>\n<p style=\"text-align: justify;\"><strong>-\u00bfQu\u00e9 se escucha en una plaza de toros?<\/strong><\/p>\n<p style=\"text-align: justify;\">-A todos. Desde el que est\u00e1 en barrera al \u00faltimo de arriba.<\/p>\n<p style=\"text-align: justify;\"><strong>-\u00bfY qu\u00e9 ha o\u00eddo?<\/strong><\/p>\n<p style=\"text-align: justify;\">-Hay cosas muy graciosas, en pleno momento de concentraci\u00f3n te puede caer un \u00abc\u00e1sate conmigo\u00bb.<\/p>\n<p style=\"text-align: justify;\"><strong>-\u00bfDa tiempo a visualizar por si interesa?<\/strong><\/p>\n<p style=\"text-align: justify;\">-\u00a1Qu\u00e9 va! Ni a ubicarlo (r\u00ede).<\/p>\n<p style=\"text-align: justify;\"><strong>-\u00bfC\u00f3mo es el miedo antes de jugarse la vida?<\/strong><\/p>\n<p style=\"text-align: justify;\">-Yo tengo varios miedos. El m\u00e1s grande es el f\u00edsico, el que te sube las pulsaciones, se te ponen las piernas flojas y se me dispara cuando veo que el piso de la plaza est\u00e1 mal. Mi cuerpo no lo domina porque la cabeza hila las ideas y s\u00e9 que el caballo se va a caer y va a haber una tragedia. Luego est\u00e1 el miedo al toro, yo le tengo mucho respeto, pero miedo f\u00edsico no, porque he trabajado para dominarlo. Y luego est\u00e1 el esc\u00e9nico en el que entra el juego el temor al fracaso.<\/p>\n<p style=\"text-align: justify;\"><strong>-\u00bfC\u00f3mo vive ahora sin asomarse a esos miedos?<\/strong><\/p>\n<p style=\"text-align: justify;\">-Como si estuviera jubilada. Me estoy asomando al futuro. Llevo 14 a\u00f1os entrenando a tope con mucha presi\u00f3n y es la primera vez que me he permitido bajar la guardia un par de meses.<\/p>\n<p style=\"text-align: justify;\"><strong>-Cuando se abra la veda de los conciertos, \u00bfa qui\u00e9n ir\u00e1 a ver?<\/strong><\/p>\n<p style=\"text-align: justify;\">-Tengo muchas ganas de ver a Ben Harper en directo.<\/p>\n<p style=\"text-align: justify;\"><strong>-\u00bfQu\u00e9 canci\u00f3n le ronda ahora?<\/strong><\/p>\n<p style=\"text-align: justify;\">-El silencio y los p\u00e1jaros, es una buena melod\u00eda cuando est\u00e1s en el campo.<\/p>\n<p style=\"text-align: justify;\"><strong>-\u00bfCu\u00e1les son las vacaciones id\u00edlicas?<\/strong><\/p>\n<p style=\"text-align: justify;\">-No soy de vacaciones, porque mi vida son unas vacaciones.<\/p>\n<p style=\"text-align: justify;\"><strong>-Afortunada&#8230;<\/strong><\/p>\n<p style=\"text-align: justify;\">-Me lo he currado tela, no ha venido Pap\u00e1 Noel a traerme nada. Pero s\u00ed, me considero una afortunada porque me dedico a lo que me apasiona.<\/p>\n<p><a href=\"https:\/\/www.larazon.es\/cultura\/20200723\/tui34lx5hfc2xhj2bosasl2t6m.html\"><span style=\"color: #339966;\"><strong>PINCHA AQU\u00cd PARA VER EN LA RAZ\u00d3N\u00a0<\/strong><\/span><\/a><\/p>\n","protected":false},"excerpt":{"rendered":"<p style=\"text-align: justify;\">La rejoneadora francesa<strong>\u00a0Lea Vicens<\/strong>\u00a0es la protagonista de la portada del\u00a0<strong>LVR<\/strong>, el suplemento de verano del diario\u00a0<strong>La Raz\u00f3n<\/strong>, y del reportaje central en su edici\u00f3n del jue&#8230;<\/p>\n","protected":false},"author":4,"featured_media":11423,"comment_status":"open","ping_status":"open","sticky":true,"template":"","format":"standard","meta":[],"categories":[19,20,1],"tags":[],"_links":{"self":[{"href":"https:\/\/leavicens.com\/fr_FR\/wp-json\/wp\/v2\/posts\/11410"}],"collection":[{"href":"https:\/\/leavicens.com\/fr_FR\/wp-json\/wp\/v2\/posts"}],"about":[{"href":"https:\/\/leavicens.com\/fr_FR\/wp-json\/wp\/v2\/types\/post"}],"author":[{"embeddable":true,"href":"https:\/\/leavicens.com\/fr_FR\/wp-json\/wp\/v2\/users\/4"}],"replies":[{"embeddable":true,"href":"https:\/\/leavicens.com\/fr_FR\/wp-json\/wp\/v2\/comments?post=11410"}],"version-history":[{"count":2,"href":"https:\/\/leavicens.com\/fr_FR\/wp-json\/wp\/v2\/posts\/11410\/revisions"}],"predecessor-version":[{"id":11424,"href":"https:\/\/leavicens.com\/fr_FR\/wp-json\/wp\/v2\/posts\/11410\/revisions\/11424"}],"wp:featuredmedia":[{"embeddable":true,"href":"https:\/\/leavicens.com\/fr_FR\/wp-json\/wp\/v2\/media\/11423"}],"wp:attachment":[{"href":"https:\/\/leavicens.com\/fr_FR\/wp-json\/wp\/v2\/media?parent=11410"}],"wp:term":[{"taxonomy":"category","embeddable":true,"href":"https:\/\/leavicens.com\/fr_FR\/wp-json\/wp\/v2\/categories?post=11410"},{"taxonomy":"post_tag","embeddable":true,"href":"https:\/\/leavicens.com\/fr_FR\/wp-json\/wp\/v2\/tags?post=11410"}],"curies":[{"name":"wp","href":"https:\/\/api.w.org\/{rel}","templated":true}]}}