{"id":11475,"date":"2020-08-27T17:16:12","date_gmt":"2020-08-27T15:16:12","guid":{"rendered":"https:\/\/leavicens.com\/?p=11475"},"modified":"2020-08-27T17:33:03","modified_gmt":"2020-08-27T15:33:03","slug":"lea-vicens-toreara-en-una-gran-mixta-en-priego-de-cordoba","status":"publish","type":"post","link":"https:\/\/leavicens.com\/fr_FR\/lea-vicens-toreara-en-una-gran-mixta-en-priego-de-cordoba\/","title":{"rendered":"L\u00c9A VICENS, TOREAR\u00c1 EN UNA GRAN &#8216;MIXTA&#8217; EN PRIEGO DE C\u00d3RDOBA"},"content":{"rendered":"<p style=\"text-align: justify;\">La empresa<strong><em>Puerta Grande Granada<\/em><\/strong><em>,<\/em>\u00a0con la colaboraci\u00f3n del <strong>Ayuntamiento de<strong style=\"font-style: inherit;\">\u00a0Priego de C\u00f3rdoba,<\/strong><\/strong>\u00a0present\u00f3 el cartel de la corrida de toros mixta que tendr\u00e1 lugar el pr\u00f3ximo <span style=\"color: #0000ff;\">domingo 6 de septiembre<\/span> en la plaza de toros de\u00a0<strong style=\"font-style: inherit;\">Priego de C\u00f3rdoba.<\/strong><\/p>\n<p style=\"text-align: justify;\"><strong style=\"font-style: inherit;\"><span style=\"color: #0000ff;\">Lea Vicens,<\/span> Enrique Ponce y Emilio de Justo<\/strong>\u00a0har\u00e1n el pase\u00edllo para lidiar dos toros para rejones de\u00a0<strong style=\"font-style: inherit;\">Ferm\u00edn Boh\u00f3rquez,<\/strong>\u00a0y cuatro de\u00a0<strong style=\"font-style: inherit;\">Hnos. Sampedro<\/strong>\u00a0para la lidia a pie.<\/p>\n<p style=\"text-align: justify;\">El festejo dar\u00e1 comienzo a las <span style=\"color: #0000ff;\">21:00 horas <\/span>y se regir\u00e1 por la normativa sanitaria vigente de la <strong>Covid-19.<\/strong><\/p>\n<p><a href=\"https:\/\/leavicens.com\/lvicens\/wp-content\/uploads\/2020\/08\/untitled.png\"><img loading=\"lazy\" class=\"size-medium wp-image-11476 aligncenter\" src=\"https:\/\/leavicens.com\/lvicens\/wp-content\/uploads\/2020\/08\/untitled-167x300.png\" alt=\"\" width=\"167\" height=\"300\" \/><\/a><\/p>\n","protected":false},"excerpt":{"rendered":"<p style=\"text-align: justify;\">La empresa<strong><em>Puerta Grande Granada<\/em><\/strong><em>,<\/em>\u00a0con la colaboraci\u00f3n del <strong>Ayuntamiento de<strong style=\"font-style: inherit;\">\u00a0Priego de C\u00f3rdoba,<\/strong><\/strong>\u00a0present\u00f3 el cartel de la cor&#8230;<\/p>\n","protected":false},"author":4,"featured_media":11477,"comment_status":"open","ping_status":"open","sticky":true,"template":"","format":"standard","meta":[],"categories":[20,1],"tags":[],"_links":{"self":[{"href":"https:\/\/leavicens.com\/fr_FR\/wp-json\/wp\/v2\/posts\/11475"}],"collection":[{"href":"https:\/\/leavicens.com\/fr_FR\/wp-json\/wp\/v2\/posts"}],"about":[{"href":"https:\/\/leavicens.com\/fr_FR\/wp-json\/wp\/v2\/types\/post"}],"author":[{"embeddable":true,"href":"https:\/\/leavicens.com\/fr_FR\/wp-json\/wp\/v2\/users\/4"}],"replies":[{"embeddable":true,"href":"https:\/\/leavicens.com\/fr_FR\/wp-json\/wp\/v2\/comments?post=11475"}],"version-history":[{"count":3,"href":"https:\/\/leavicens.com\/fr_FR\/wp-json\/wp\/v2\/posts\/11475\/revisions"}],"predecessor-version":[{"id":11485,"href":"https:\/\/leavicens.com\/fr_FR\/wp-json\/wp\/v2\/posts\/11475\/revisions\/11485"}],"wp:featuredmedia":[{"embeddable":true,"href":"https:\/\/leavicens.com\/fr_FR\/wp-json\/wp\/v2\/media\/11477"}],"wp:attachment":[{"href":"https:\/\/leavicens.com\/fr_FR\/wp-json\/wp\/v2\/media?parent=11475"}],"wp:term":[{"taxonomy":"category","embeddable":true,"href":"https:\/\/leavicens.com\/fr_FR\/wp-json\/wp\/v2\/categories?post=11475"},{"taxonomy":"post_tag","embeddable":true,"href":"https:\/\/leavicens.com\/fr_FR\/wp-json\/wp\/v2\/tags?post=11475"}],"curies":[{"name":"wp","href":"https:\/\/api.w.org\/{rel}","templated":true}]}}