{"id":11523,"date":"2020-09-20T18:35:18","date_gmt":"2020-09-20T16:35:18","guid":{"rendered":"https:\/\/leavicens.com\/?p=11523"},"modified":"2020-09-22T17:43:40","modified_gmt":"2020-09-22T15:43:40","slug":"lea-vicens-cuaja-una-matinal-sensacional-sin-suerte-con-los-aceros","status":"publish","type":"post","link":"https:\/\/leavicens.com\/fr_FR\/lea-vicens-cuaja-una-matinal-sensacional-sin-suerte-con-los-aceros\/","title":{"rendered":"L\u00c9A VICENS, CUAJA UNA MATINAL SENSACIONAL SIN SUERTE CON LOS ACEROS"},"content":{"rendered":"<p style=\"text-align: justify;\">La ciudad francesa de\u00a0<strong>Nimes<\/strong> ameneci\u00f3 con lluvia el pasado domingo 20 de septiembre.\u00a0 Un jornada donde estaba programada una doble sesi\u00f3n en el Coliseo dentro de la <strong>Feria de la Vendimia.\u00a0<\/strong>A las 11:30 de la ma\u00f1ana estaba anunciado un festejo de rejones con\u00a0<strong>Leonardo Hern\u00e1ndez, <span style=\"color: #0000ff;\">L\u00e9a Vicens<\/span><\/strong>\u00a0y\u00a0<strong>Guillermo de Hermoso de Mendoza<\/strong>\u00a0con toros de\u00a0<strong>Ferm\u00edn Boh\u00f3rquez.\u00a0<\/strong>Y por la tarde un\u00a0 mano a mano entre\u00a0<strong>Sebasti\u00e1n Castella<\/strong>\u00a0y\u00a0<strong>Miguel \u00c1ngel Perera\u00a0<\/strong>con toros de\u00a0<strong>Jandilla.<\/strong><\/p>\n<p style=\"text-align: justify;\">Desde primeras horas del d\u00eda los operarios del Coliseo hab\u00eda trabajado para arreglar el ruedo y a pesar del tiempo, la corrida de rejones tir\u00f3 para adelante. Mucho contenido en la matinal ecuestre de <strong>Nimes<\/strong>\u00a0donde el resultado num\u00e9rico no supera al art\u00edstico. Los toros de\u00a0<strong>Bohorquez<\/strong> dieron buen juego en conjunto.<\/p>\n<p style=\"text-align: justify;\">El segundo tuvo un galope vibrante que aprovech\u00f3\u00a0<span style=\"color: #0000ff;\"><strong>L\u00e9a Vicens.<\/strong><\/span> Con una doma cl\u00e1sica y precisa, la amazona entusiasmo al p\u00fablico de su tierra. Lo emborron\u00f3 todo a la hora de matar.\u00a0<span style=\"color: #0000ff;\"><strong>L\u00e9a Vicens<\/strong><\/span>\u00a0no quiso quedarse atr\u00e1s con el quinto. La gala firm\u00f3 una actuaci\u00f3n de maximo nivel al buen\u00a0<strong>Bohorquez<\/strong>. Puso la plaza en pie con\u00a0<em>Diluvio<\/em>\u00a0y sobretodo en una ajustadisimo quiebro con\u00a0<em>Diamante.<\/em> Cuando tenia las orejas en mano, otra vez la mala suerte la acompa\u00f1\u00f3 a la hora de descabellar.<\/p>\n<p style=\"text-align: center;\"><strong><u>FICHA DEL FESTEJO<\/u><\/strong><\/p>\n<p style=\"text-align: center;\"><em>Domingo, 20 de septiembre de 2020.<\/em><\/p>\n<p style=\"text-align: center;\"><strong>Nimes (Francia)<\/strong><\/p>\n<p style=\"text-align: center;\"><em>(Matinal)<\/em><\/p>\n<p style=\"text-align: center;\">Toros de\u00a0<strong>Ferm\u00edn Boh\u00f3rquez<\/strong>, bien presentados y de buen juego.<\/p>\n<p style=\"text-align: center;\"><strong>Leonardo<\/strong><strong>\u00a0<\/strong><strong>Hern\u00e1ndez<\/strong><strong>,<\/strong> ovaci\u00f3n con saludos y dos orejas.<\/p>\n<p style=\"text-align: center;\"><span style=\"color: #0000ff;\"><strong>L\u00e9a<\/strong>\u00a0<strong>Vicens<\/strong>,<\/span> silencio y ovaci\u00f3n con saludos.<\/p>\n<p style=\"text-align: center;\"><strong>Guillermo de Hermoso de Mendoza<\/strong><strong>,<\/strong> silencio y silencio.<\/p>\n<p style=\"text-align: center;\"><strong>Entrada:<\/strong>\u00a0M\u00e1s de media plaza del aforo permitido.<\/p>\n","protected":false},"excerpt":{"rendered":"<p style=\"text-align: justify;\">La ciudad francesa de\u00a0<strong>Nimes<\/strong> ameneci\u00f3 con lluvia el pasado domingo 20 de septiembre.\u00a0 Un jornada donde estaba programada una doble sesi\u00f3n en el Coliseo dentro de la <strong>Feria de la Vendimia.\u00a0<\/stron...\n<\/p>\n","protected":false},"author":4,"featured_media":11525,"comment_status":"open","ping_status":"open","sticky":true,"template":"","format":"standard","meta":[],"categories":[20,1],"tags":[],"_links":{"self":[{"href":"https:\/\/leavicens.com\/fr_FR\/wp-json\/wp\/v2\/posts\/11523"}],"collection":[{"href":"https:\/\/leavicens.com\/fr_FR\/wp-json\/wp\/v2\/posts"}],"about":[{"href":"https:\/\/leavicens.com\/fr_FR\/wp-json\/wp\/v2\/types\/post"}],"author":[{"embeddable":true,"href":"https:\/\/leavicens.com\/fr_FR\/wp-json\/wp\/v2\/users\/4"}],"replies":[{"embeddable":true,"href":"https:\/\/leavicens.com\/fr_FR\/wp-json\/wp\/v2\/comments?post=11523"}],"version-history":[{"count":4,"href":"https:\/\/leavicens.com\/fr_FR\/wp-json\/wp\/v2\/posts\/11523\/revisions"}],"predecessor-version":[{"id":11528,"href":"https:\/\/leavicens.com\/fr_FR\/wp-json\/wp\/v2\/posts\/11523\/revisions\/11528"}],"wp:featuredmedia":[{"embeddable":true,"href":"https:\/\/leavicens.com\/fr_FR\/wp-json\/wp\/v2\/media\/11525"}],"wp:attachment":[{"href":"https:\/\/leavicens.com\/fr_FR\/wp-json\/wp\/v2\/media?parent=11523"}],"wp:term":[{"taxonomy":"category","embeddable":true,"href":"https:\/\/leavicens.com\/fr_FR\/wp-json\/wp\/v2\/categories?post=11523"},{"taxonomy":"post_tag","embeddable":true,"href":"https:\/\/leavicens.com\/fr_FR\/wp-json\/wp\/v2\/tags?post=11523"}],"curies":[{"name":"wp","href":"https:\/\/api.w.org\/{rel}","templated":true}]}}