{"id":11544,"date":"2020-10-18T16:29:26","date_gmt":"2020-10-18T14:29:26","guid":{"rendered":"https:\/\/leavicens.com\/?p=11544"},"modified":"2020-10-19T16:37:08","modified_gmt":"2020-10-19T14:37:08","slug":"lea-vicens-con-un-elegante-rejoneo-descerrajo-la-puerta-grande-de-jaen","status":"publish","type":"post","link":"https:\/\/leavicens.com\/fr_FR\/lea-vicens-con-un-elegante-rejoneo-descerrajo-la-puerta-grande-de-jaen\/","title":{"rendered":"L\u00c9A VICENS, CON UN ELEGANTE REJONEO DESCERRAJ\u00d3 LA PUERTA GRANDE DE JA\u00c9N"},"content":{"rendered":"\n\t\t<style type=\"text\/css\">\n\t\t\t#gallery-1 {\n\t\t\t\tmargin: auto;\n\t\t\t}\n\t\t\t#gallery-1 .gallery-item {\n\t\t\t\tfloat: left;\n\t\t\t\tmargin-top: 10px;\n\t\t\t\ttext-align: center;\n\t\t\t\twidth: 33%;\n\t\t\t}\n\t\t\t#gallery-1 img {\n\t\t\t\tborder: 2px solid #cfcfcf;\n\t\t\t}\n\t\t\t#gallery-1 .gallery-caption {\n\t\t\t\tmargin-left: 0;\n\t\t\t}\n\t\t\t\/* see gallery_shortcode() in wp-includes\/media.php *\/\n\t\t<\/style>\n\t\t<div id='gallery-1' class='gallery galleryid-11544 gallery-columns-3 gallery-size-thumbnail'><dl class='gallery-item'>\n\t\t\t<dt class='gallery-icon landscape'>\n\t\t\t\t<a href='https:\/\/leavicens.com\/fr_FR\/lea-vicens-con-un-elegante-rejoneo-descerrajo-la-puerta-grande-de-jaen\/ekmw8boxiae26sp\/'><img width=\"150\" height=\"107\" src=\"https:\/\/leavicens.com\/lvicens\/wp-content\/uploads\/2020\/10\/Ekmw8boXIAE26sP.jpg\" class=\"attachment-thumbnail size-thumbnail\" alt=\"\" loading=\"lazy\" srcset=\"https:\/\/leavicens.com\/lvicens\/wp-content\/uploads\/2020\/10\/Ekmw8boXIAE26sP.jpg 1024w, https:\/\/leavicens.com\/lvicens\/wp-content\/uploads\/2020\/10\/Ekmw8boXIAE26sP-300x214.jpg 300w, https:\/\/leavicens.com\/lvicens\/wp-content\/uploads\/2020\/10\/Ekmw8boXIAE26sP-600x429.jpg 600w\" sizes=\"(max-width: 150px) 100vw, 150px\" title=\"\" \/><\/a>\n\t\t\t<\/dt><\/dl><dl class='gallery-item'>\n\t\t\t<dt class='gallery-icon landscape'>\n\t\t\t\t<a href='https:\/\/leavicens.com\/fr_FR\/lea-vicens-con-un-elegante-rejoneo-descerrajo-la-puerta-grande-de-jaen\/ekm8fsbwaaiwwdv\/'><img width=\"150\" height=\"107\" src=\"https:\/\/leavicens.com\/lvicens\/wp-content\/uploads\/2020\/10\/Ekm8fsbWAAIwWdV.jpg\" class=\"attachment-thumbnail size-thumbnail\" alt=\"\" loading=\"lazy\" srcset=\"https:\/\/leavicens.com\/lvicens\/wp-content\/uploads\/2020\/10\/Ekm8fsbWAAIwWdV.jpg 1024w, https:\/\/leavicens.com\/lvicens\/wp-content\/uploads\/2020\/10\/Ekm8fsbWAAIwWdV-300x214.jpg 300w, https:\/\/leavicens.com\/lvicens\/wp-content\/uploads\/2020\/10\/Ekm8fsbWAAIwWdV-600x429.jpg 600w\" sizes=\"(max-width: 150px) 100vw, 150px\" title=\"\" \/><\/a>\n\t\t\t<\/dt><\/dl>\n\t\t\t<br style='clear: both' \/>\n\t\t<\/div>\n\n<p style=\"text-align: center;\"><span style=\"color: #0000ff;\"><strong><em>\u2018L\u00e9a Vicens, descerraja la Puerta Grande de Ja\u00e9n\u2019<\/em><\/strong><\/span><\/p>\n<p style=\"text-align: justify;\"><span style=\"color: #0000ff;\"><strong>L\u00e9a Vicens<\/strong>\u00a0<\/span>perdi\u00f3 premio con el rej\u00f3n de muerte y descabello en el segundo de la tarde, un toro\u00a0del <strong>Capea<\/strong>\u00a0que permiti\u00f3 lucirse a la francesa. M\u00e1s tarde <span style=\"color: #0000ff;\"><strong>L\u00e9a Vicens<\/strong> <\/span>se desquit\u00f3 en el quinto al que cuaj\u00f3 a placer para cortar el doble trofeo.<\/p>\n<p style=\"text-align: center;\"><strong><u>FICHA DEL FESTEJO<\/u><\/strong><\/p>\n<p style=\"text-align: center;\"><em style=\"font-weight: inherit;\">Domingo, 18 de octubre de 2020<\/em><\/p>\n<p style=\"text-align: center;\"><strong style=\"font-style: inherit;\">Coso de la Alameda \u2013 Ja\u00e9n<\/strong><\/p>\n<p style=\"text-align: center;\">Toros de\u00a0<strong>Carmen Lorenzo<\/strong>\u00a0(1\u00ba, 3\u00ba y 4\u00ba) y\u00a0<strong>El Capea<\/strong>\u00a0(2\u00ba, 5\u00ba y 6\u00ba) bien presentados y de buen juego en general.<\/p>\n<p style=\"text-align: center;\"><strong>Leonardo<\/strong>, Oreja y Ovaci\u00f3n.<\/p>\n<p style=\"text-align: center;\"><span style=\"color: #0000ff;\"><strong>L\u00e9a Vicens<\/strong>,<\/span> Ovaci\u00f3n con saludos tras petici\u00f3n y Dos orejas<\/p>\n<p style=\"text-align: center;\"><strong>Guillermo<\/strong>\u00a0<strong>Hermoso de Mendoza<\/strong>, Dos orejas y Dos orejas y rabo.<\/p>\n<p style=\"text-align: center;\"><strong>Entrada:<\/strong> M\u00e1s de media del aforo permitido.<\/p>\n<p style=\"text-align: center;\"><strong>Incidencias:<\/strong>\u00a0Se guard\u00f3 un minuto de silencio por las v\u00edctimas del Covid-19<\/p>\n<p><span style=\"text-decoration: underline;\"><em>Fotos: Tauroemoci\u00f3n<\/em><\/span><em>\u00a0<\/em><\/p>\n<p><strong>\u00a0<\/strong><\/p>\n","protected":false},"excerpt":{"rendered":"[gallery ids=\"11545,11546\"]\n<p>&nbsp;<\/p>\n<p style=\"text-align: center;\"><span style=\"color: #0000ff;\"><strong><em>\u2018L\u00e9a Vicens, descerraja la Puerta Grande de Ja\u00e9n\u2019<\/em><\/strong><\/span><\/p>\n<p style=\"text-align: justify;\"><span style=\"color: #0000ff;\">&#8230;<\/p>\n","protected":false},"author":4,"featured_media":11547,"comment_status":"open","ping_status":"open","sticky":true,"template":"","format":"standard","meta":[],"categories":[20,1],"tags":[],"_links":{"self":[{"href":"https:\/\/leavicens.com\/fr_FR\/wp-json\/wp\/v2\/posts\/11544"}],"collection":[{"href":"https:\/\/leavicens.com\/fr_FR\/wp-json\/wp\/v2\/posts"}],"about":[{"href":"https:\/\/leavicens.com\/fr_FR\/wp-json\/wp\/v2\/types\/post"}],"author":[{"embeddable":true,"href":"https:\/\/leavicens.com\/fr_FR\/wp-json\/wp\/v2\/users\/4"}],"replies":[{"embeddable":true,"href":"https:\/\/leavicens.com\/fr_FR\/wp-json\/wp\/v2\/comments?post=11544"}],"version-history":[{"count":3,"href":"https:\/\/leavicens.com\/fr_FR\/wp-json\/wp\/v2\/posts\/11544\/revisions"}],"predecessor-version":[{"id":11553,"href":"https:\/\/leavicens.com\/fr_FR\/wp-json\/wp\/v2\/posts\/11544\/revisions\/11553"}],"wp:featuredmedia":[{"embeddable":true,"href":"https:\/\/leavicens.com\/fr_FR\/wp-json\/wp\/v2\/media\/11547"}],"wp:attachment":[{"href":"https:\/\/leavicens.com\/fr_FR\/wp-json\/wp\/v2\/media?parent=11544"}],"wp:term":[{"taxonomy":"category","embeddable":true,"href":"https:\/\/leavicens.com\/fr_FR\/wp-json\/wp\/v2\/categories?post=11544"},{"taxonomy":"post_tag","embeddable":true,"href":"https:\/\/leavicens.com\/fr_FR\/wp-json\/wp\/v2\/tags?post=11544"}],"curies":[{"name":"wp","href":"https:\/\/api.w.org\/{rel}","templated":true}]}}