{"id":11704,"date":"2021-04-26T10:30:05","date_gmt":"2021-04-26T08:30:05","guid":{"rendered":"https:\/\/leavicens.com\/?p=11704"},"modified":"2021-04-27T19:15:16","modified_gmt":"2021-04-27T17:15:16","slug":"comunicado-oficial-de-lea-vicens-tras-sus-declaraciones-en-villanueva-a-canal-toros","status":"publish","type":"post","link":"https:\/\/leavicens.com\/fr_FR\/comunicado-oficial-de-lea-vicens-tras-sus-declaraciones-en-villanueva-a-canal-toros\/","title":{"rendered":"COMUNICADO DE L\u00c9A VICENS TRAS SUS DECLARACIONES A CANAL TOROS"},"content":{"rendered":"<p style=\"text-align: center;\"><span style=\"color: #0000ff;\"><em><strong>L\u00e9a Vicens: \u00abLa libertad y el respeto deben estar por encima de todo\u00bb<\/strong><\/em><\/span><\/p>\n<p><strong style=\"font-style: inherit;\">Lea Vicens<\/strong>, ha emitido un comunicado aclarando las declaraciones efectuadas en el d\u00eda de ayer durante el festejo en<strong style=\"font-style: inherit;\">\u00a0Villanueva del Arzobispo<\/strong>\u00a0en los micr\u00f3fonos de\u00a0<strong style=\"font-style: inherit;\">Canal Toros<\/strong>.<\/p>\n<p style=\"font-style: inherit; font-weight: inherit;\">Este es el texto \u00edntegro:<\/p>\n<p style=\"font-style: inherit; font-weight: inherit;\">Por el presente comunicado, quiero matizar mis declaraciones en el<strong style=\"font-style: inherit;\">\u00a0Canal Toros de Movista<\/strong>r, al acabar el festejo televisado en<strong style=\"font-style: inherit;\">\u00a0Villanueva del Arzobispo (Ja\u00e9n).<\/strong><\/p>\n<p style=\"font-style: inherit; font-weight: inherit; text-align: justify;\"><strong>1-<\/strong> Mis comentarios iban dirigidos a<strong style=\"font-style: inherit;\">\u00a0Rafael Peralta Revuelta<\/strong>. En ning\u00fan caso a\u00a0<strong style=\"font-style: inherit;\">Miguel Cuberta<\/strong>\u00a0y<strong style=\"font-style: inherit;\">\u00a0David Casas,<\/strong>\u00a0profesionales a los que respeto mucho y con los que mantengo una relaci\u00f3n profesional muy cordial.<\/p>\n<p style=\"font-style: inherit; font-weight: inherit; text-align: justify;\"><strong>2-<\/strong> Quiero, una vez m\u00e1s, agradecer p\u00fablicamente todo el cari\u00f1o que le tengo al maestro, caballero y se\u00f1or<strong style=\"font-style: inherit;\">\u00a0\u00c1ngel Peralta<\/strong>, al que echo de menos cada d\u00eda por su categor\u00eda humana y profesional, y a su hermano\u00a0<strong style=\"font-style: inherit;\">Rafael.<\/strong><\/p>\n<p style=\"font-style: inherit; font-weight: inherit; text-align: justify;\"><strong>3-<\/strong> Desde hace a\u00f1os sufro una situaci\u00f3n personal, originada por\u00a0<strong style=\"font-style: inherit;\">Peralta Revuelta<\/strong>, fuera de los ruedos que se traslada en sus apreciaciones p\u00fablicas en el<strong style=\"font-style: inherit;\">\u00a0Canal taurino de Movistar<\/strong>, siempre de manera negativa, y que infravalora, sistem\u00e1ticamente, todo lo que hago dentro de la plaza.<\/p>\n<p style=\"font-style: inherit; font-weight: inherit; text-align: justify;\"><strong>4-<\/strong> Como le he transmitido a los responsables de<strong style=\"font-style: inherit;\">\u00a0Canal Toros de Movistar<\/strong>, en m\u00e1s de una ocasi\u00f3n, tan solo pido respeto hacia mi persona y un trato equitativo y objetivo como el que reciben el resto de mis compa\u00f1eros. Acepto la cr\u00edtica siempre que no est\u00e9 condicionada por fobias personales ajenas de mis actuaciones.<\/p>\n<p style=\"font-style: inherit; font-weight: inherit; text-align: justify;\"><strong>5-<\/strong> Espero y deseo, por el bien del mundo del toro, que lo que yo estoy viviendo y sufriendo no vuelva a ocurrir con ning\u00fan compa\u00f1ero. Ya sea hombre o mujer. La libertad y el respeto deben estar por encima de todo.<\/p>\n<p>&nbsp;<\/p>\n","protected":false},"excerpt":{"rendered":"<p style=\"text-align: center;\"><span style=\"color: #0000ff;\"><em><strong>L\u00e9a Vicens: \u00abLa libertad y el respeto deben estar por encima de todo\u00bb<\/strong><\/em><\/span><\/p>\n<p>&nbsp;<\/p>\n<p><strong style=\"font-style: inherit;\">Lea Vicens<\/strong>, ha emitido un&#8230;<\/p>\n","protected":false},"author":4,"featured_media":11705,"comment_status":"open","ping_status":"open","sticky":true,"template":"","format":"standard","meta":[],"categories":[20,1],"tags":[],"_links":{"self":[{"href":"https:\/\/leavicens.com\/fr_FR\/wp-json\/wp\/v2\/posts\/11704"}],"collection":[{"href":"https:\/\/leavicens.com\/fr_FR\/wp-json\/wp\/v2\/posts"}],"about":[{"href":"https:\/\/leavicens.com\/fr_FR\/wp-json\/wp\/v2\/types\/post"}],"author":[{"embeddable":true,"href":"https:\/\/leavicens.com\/fr_FR\/wp-json\/wp\/v2\/users\/4"}],"replies":[{"embeddable":true,"href":"https:\/\/leavicens.com\/fr_FR\/wp-json\/wp\/v2\/comments?post=11704"}],"version-history":[{"count":7,"href":"https:\/\/leavicens.com\/fr_FR\/wp-json\/wp\/v2\/posts\/11704\/revisions"}],"predecessor-version":[{"id":11712,"href":"https:\/\/leavicens.com\/fr_FR\/wp-json\/wp\/v2\/posts\/11704\/revisions\/11712"}],"wp:featuredmedia":[{"embeddable":true,"href":"https:\/\/leavicens.com\/fr_FR\/wp-json\/wp\/v2\/media\/11705"}],"wp:attachment":[{"href":"https:\/\/leavicens.com\/fr_FR\/wp-json\/wp\/v2\/media?parent=11704"}],"wp:term":[{"taxonomy":"category","embeddable":true,"href":"https:\/\/leavicens.com\/fr_FR\/wp-json\/wp\/v2\/categories?post=11704"},{"taxonomy":"post_tag","embeddable":true,"href":"https:\/\/leavicens.com\/fr_FR\/wp-json\/wp\/v2\/tags?post=11704"}],"curies":[{"name":"wp","href":"https:\/\/api.w.org\/{rel}","templated":true}]}}