{"id":11729,"date":"2021-05-16T22:08:15","date_gmt":"2021-05-16T20:08:15","guid":{"rendered":"https:\/\/leavicens.com\/?p=11729"},"modified":"2021-05-25T12:12:33","modified_gmt":"2021-05-25T10:12:33","slug":"lea-vicens-importante-oreja-ante-un-lote-dispar-en-el-san-isidro-de-vistalegre","status":"publish","type":"post","link":"https:\/\/leavicens.com\/fr_FR\/lea-vicens-importante-oreja-ante-un-lote-dispar-en-el-san-isidro-de-vistalegre\/","title":{"rendered":"L\u00c9A VICENS, IMPORTANTE OREJA ANTE UN LOTE DISPAR, \u00abSAN ISIDRO DE VISTALEGRE\u00bb"},"content":{"rendered":"<p style=\"text-align: center;\"><span style=\"color: #0000ff;\"><em><strong>\u00abL\u00e9a Vicens, cuaj\u00f3 una imporante actuaci\u00f3n ante un lote muy dispar\u00bb<\/strong><\/em><\/span><\/p>\n<p style=\"text-align: justify;\">El cuarto festejo del innovador<strong>\u00a0San Isidro<\/strong>\u00a0en el\u00a0<strong>Palacio de Vistalegre,\u00a0<\/strong>confeccionado por la\u00a0<strong>Casa Matilla,<\/strong>\u00a0nos trajo un importante festejo de rejones. <strong>Pablo Hermoso, <\/strong><span style=\"color: #0000ff;\"><strong>L\u00e9a Vicens<\/strong><\/span>\u00a0y<strong>\u00a0Guillermo Hermoso de Mendoza<\/strong>, en la lidia de una corrida de<strong>\u00a0Ferm\u00edn Boh\u00f3rquez,<\/strong>\u00a0encaste\u00a0<strong>Murube<\/strong>.<\/p>\n<p style=\"text-align: justify;\">Una faena que tambi\u00e9n fue creciendo en ajuste fue la de\u00a0<span style=\"color: #0000ff;\"><strong>L\u00e9a Vicens<\/strong><\/span>\u00a0al segundo, con una notable puesta en escena montando a otro caballo de categor\u00eda superior<em>,\u00a0\u2018<strong>Diluvio\u2019<\/strong>,<\/em> fue premiada con oreja. Un toro de fuerte salida y algo parado al final, pero buen toro. De costado, a dos pistas, dobl\u00e1ndose con el toro al pasarlo desde los cites frontales hasta la grupa, con<em>\u00a0\u2018<strong>Diluvio\u2019<\/strong><\/em>\u00a0<span style=\"color: #0000ff;\"><strong>L\u00e9a<\/strong><strong>\u00a0Vicens<\/strong><\/span> alcanz\u00f3 a torear con gran calidad para faena de oreja.<\/p>\n<p style=\"text-align: justify;\">El quinto sali\u00f3 fuerte, se tronch\u00f3 por la mazorca un pit\u00f3n en topetazo con el burladero y se fue agarrando al piso de forma que las batidas no eran suficientes. <strong><span style=\"color: #0000ff;\">L\u00e9a Vicens<\/span> <\/strong>ech\u00f3 los jacos encima pero el toro carec\u00eda de transmisi\u00f3n. Sin duda el lunar negro de la corrida de\u00a0<strong>Boh\u00f3rquez<\/strong>.<\/p>\n<p style=\"text-align: center;\"><strong><u>FICHA DEL FESTEJO<\/u><\/strong><\/p>\n<p style=\"text-align: center;\"><em style=\"font-weight: inherit;\">Domingo 16 de mayo de 2021<\/em><\/p>\n<p style=\"text-align: center;\"><strong style=\"font-style: inherit;\">Palacio de Vistalegre (Madrid)<\/strong><\/p>\n<p style=\"text-align: center;\">Feria de san Isidro. Corrida de rejones<\/p>\n<p style=\"text-align: center;\">Cuarta de abono.<\/p>\n<p style=\"text-align: center;\">Toros de\u00a0<strong style=\"font-style: inherit;\">Ferm\u00edn Boh\u00f3rquez<\/strong>, desiguales de presentaci\u00f3n. Destacaron por fijeza, ritmo y transmisi\u00f3n, los lidiados en 1\u00ba, 2\u00ba y 6\u00ba lugar, especialmente este \u00faltimo, gran toro. M\u00e1s parados y sin celo, el resto, deslucidos.<\/p>\n<p style=\"text-align: center;\"><strong>Pablo Hermoso de Mendoza<\/strong>, Ovaci\u00f3n tras petici\u00f3n \/ Oreja<\/p>\n<p style=\"text-align: center;\"><span style=\"color: #0000ff;\"><strong>L\u00e9a Vicens<\/strong>,\u00a0<\/span>Oreja \/ Silencio.<\/p>\n<p style=\"text-align: center;\"><strong>Guillermo Hermoso de Mendoza, <\/strong>Ovaci\u00f3n \/ Dos orejas.<\/p>\n<p style=\"text-align: center;\"><strong style=\"font-style: inherit;\">Entrada:<\/strong>\u00a0Alrededor de mil personas, de acuerdo con las habituales restricciones de aforo por sanidad.<\/p>\n<p style=\"text-align: center;\"><strong>Incidencias:<\/strong>\u00a0Se guard\u00f3 un minuto de silencio, en el aniversario del fallecimiento de<strong style=\"font-style: inherit;\"> Joselito, &#8216;El Gallo&#8217;.<\/strong><\/p>\n<p style=\"text-align: left;\"><a href=\"https:\/\/www.mundotoro.com\/noticia\/pablo-hermoso-lea-vicens-guillermo-hermoso-mendoza-al-detalle-cuarta-san-isidro-directo-vistalegre-resena\/1573431\"><span style=\"color: #ff0000;\"><em style=\"font-weight: inherit;\">Fuente: Mundotoro \/ Foto: Juli\u00e1n L\u00f3pez\u00a0<\/em><\/span><\/a><\/p>\n","protected":false},"excerpt":{"rendered":"<p style=\"text-align: center;\"><span style=\"color: #0000ff;\"><em><strong>\u00abL\u00e9a Vicens, cuaj\u00f3 una imporante actuaci\u00f3n ante un lote muy dispar\u00bb<\/strong><\/em><\/span><\/p>\n<p style=\"text-align: justify;\">El cuarto festejo del innovador<strong>\u00a0San Isidro<...\n<\/p>\n","protected":false},"author":4,"featured_media":11730,"comment_status":"open","ping_status":"open","sticky":true,"template":"","format":"standard","meta":[],"categories":[20,1],"tags":[],"_links":{"self":[{"href":"https:\/\/leavicens.com\/fr_FR\/wp-json\/wp\/v2\/posts\/11729"}],"collection":[{"href":"https:\/\/leavicens.com\/fr_FR\/wp-json\/wp\/v2\/posts"}],"about":[{"href":"https:\/\/leavicens.com\/fr_FR\/wp-json\/wp\/v2\/types\/post"}],"author":[{"embeddable":true,"href":"https:\/\/leavicens.com\/fr_FR\/wp-json\/wp\/v2\/users\/4"}],"replies":[{"embeddable":true,"href":"https:\/\/leavicens.com\/fr_FR\/wp-json\/wp\/v2\/comments?post=11729"}],"version-history":[{"count":6,"href":"https:\/\/leavicens.com\/fr_FR\/wp-json\/wp\/v2\/posts\/11729\/revisions"}],"predecessor-version":[{"id":11736,"href":"https:\/\/leavicens.com\/fr_FR\/wp-json\/wp\/v2\/posts\/11729\/revisions\/11736"}],"wp:featuredmedia":[{"embeddable":true,"href":"https:\/\/leavicens.com\/fr_FR\/wp-json\/wp\/v2\/media\/11730"}],"wp:attachment":[{"href":"https:\/\/leavicens.com\/fr_FR\/wp-json\/wp\/v2\/media?parent=11729"}],"wp:term":[{"taxonomy":"category","embeddable":true,"href":"https:\/\/leavicens.com\/fr_FR\/wp-json\/wp\/v2\/categories?post=11729"},{"taxonomy":"post_tag","embeddable":true,"href":"https:\/\/leavicens.com\/fr_FR\/wp-json\/wp\/v2\/tags?post=11729"}],"curies":[{"name":"wp","href":"https:\/\/api.w.org\/{rel}","templated":true}]}}