{"id":11768,"date":"2021-06-17T23:42:28","date_gmt":"2021-06-17T21:42:28","guid":{"rendered":"https:\/\/leavicens.com\/?p=11768"},"modified":"2021-06-19T13:51:27","modified_gmt":"2021-06-19T11:51:27","slug":"lea-vicens-oreja-con-fuerza-en-granada-tras-dos-buenas-faenas-sin-aceros","status":"publish","type":"post","link":"https:\/\/leavicens.com\/fr_FR\/lea-vicens-oreja-con-fuerza-en-granada-tras-dos-buenas-faenas-sin-aceros\/","title":{"rendered":"L\u00c9A VICENS, OREJA A LA ELEGANCIA, CLASE Y TENACIDAD EN GRANADA"},"content":{"rendered":"<p><a href=\"https:\/\/leavicens.com\/lvicens\/wp-content\/uploads\/2021\/06\/8-2.jpg\"><img loading=\"lazy\" class=\"size-medium wp-image-11770 aligncenter\" src=\"https:\/\/leavicens.com\/lvicens\/wp-content\/uploads\/2021\/06\/8-2-300x200.jpg\" alt=\"\" width=\"300\" height=\"200\" srcset=\"https:\/\/leavicens.com\/lvicens\/wp-content\/uploads\/2021\/06\/8-2-300x200.jpg 300w, https:\/\/leavicens.com\/lvicens\/wp-content\/uploads\/2021\/06\/8-2-600x400.jpg 600w, https:\/\/leavicens.com\/lvicens\/wp-content\/uploads\/2021\/06\/8-2-768x512.jpg 768w, https:\/\/leavicens.com\/lvicens\/wp-content\/uploads\/2021\/06\/8-2-916x611.jpg 916w, https:\/\/leavicens.com\/lvicens\/wp-content\/uploads\/2021\/06\/8-2-468x314.jpg 468w, https:\/\/leavicens.com\/lvicens\/wp-content\/uploads\/2021\/06\/8-2-702x471.jpg 702w, https:\/\/leavicens.com\/lvicens\/wp-content\/uploads\/2021\/06\/8-2-120x80.jpg 120w, https:\/\/leavicens.com\/lvicens\/wp-content\/uploads\/2021\/06\/8-2.jpg 1024w\" sizes=\"(max-width: 300px) 100vw, 300px\" \/><\/a><\/p>\n<p>&nbsp;<\/p>\n<p style=\"text-align: center;\"><span style=\"color: #0000ff;\"><em><strong>\u00abUna oreja a la elegancia, clase y tenacidad de L\u00e9a Vicens en Granada\u00bb<\/strong><\/em><\/span><\/p>\n<p style=\"text-align: justify;\">La Feria del\u00a0<strong>Corpus<\/strong>\u00a0arranc\u00f3 este jueves en la Monumental de\u00a0<strong>Frascuelo<\/strong>\u00a0-que no registr\u00f3 en absoluto una mala entrada- en\u00a0<strong>Granada<\/strong>\u00a0con un interesante festejo de rejones en el que\u00a0<strong>Pablo Hermoso de Mendoza, <span style=\"color: #0000ff;\">L\u00e9a Vicens<\/span><\/strong><span style=\"color: #0000ff;\">\u00a0<\/span>y\u00a0<strong>Guillermo Hermoso de Mendoza<\/strong>\u00a0hicieron las delicias del p\u00fablico asistente al coso andaluz que, tras el aplazamiento de semanas atr\u00e1s, por fin pudo disfrutar de la vuelta de los toros a la capital nazar\u00ed.<\/p>\n<p style=\"text-align: justify;\">El segundo fue un toro con mucha clase, que sali\u00f3 ya de chiqueros con emoci\u00f3n y al que par\u00f3 muy bien\u00a0<span style=\"color: #0000ff;\"><strong style=\"font-style: inherit;\">L\u00e9a Vicens<\/strong><\/span>\u00a0por un pit\u00f3n y otro. Se lo dej\u00f3 crudo, con s\u00f3lo un rej\u00f3n de castigo. Lo llev\u00f3 cosido a dos pistas a la grupa pegado a tablas, pero el animal perdi\u00f3 las manos ah\u00ed y, desde ese momento, fue un astado muy endeble. Le dio mucho mimo, la gala llev\u00e1ndolo muy despacito, porque el animal quer\u00eda pero no pod\u00eda. En los embroques, sobre todo, al inicio, no pudo ajustarse por esta fragilidad de la res. Lo mejor lleg\u00f3 con \u2018<strong style=\"font-style: inherit;\">Deseado<\/strong>\u2018 en una farpa y dos cortas. Muy complicado para entrar a matar, y todo qued\u00f3 en ovaci\u00f3n.<\/p>\n<p style=\"text-align: justify;\">Aunque amag\u00f3 con rajarse,<span style=\"color: #0000ff;\"><strong style=\"font-style: inherit;\"> L\u00e9a Vicens<\/strong>\u00a0<\/span>logr\u00f3 dar celo al quinto, otro buen toro de\u00a0<strong style=\"font-style: inherit;\">Boh\u00f3rquez<\/strong>, al que tore\u00f3 muy reunido, centrada y torera, los mejores pasajes llegaron sobre \u2018<strong style=\"font-style: inherit;\"><em>Diluvio<\/em><\/strong>\u2018, con el que dej\u00f3 una gran banderilla al viol\u00edn por los adentros. No funcion\u00f3 el acero pese a ello, pase\u00f3 una\u00a0importante <strong>oreja<\/strong>.<\/p>\n<p><a href=\"https:\/\/www.mundotoro.com\/noticia\/pablo-hermoso-lea-vicens-guillermo-hermoso-mendoza-granada-primera-corpus-resena\/1577790\"><span style=\"color: #ff0000;\">Fuente: Mundotoro.com<\/span><\/a><\/p>\n<p>&nbsp;<\/p>\n<p style=\"text-align: justify;\"><span style=\"color: #0000ff;\"><strong>L\u00e9a Vicens: <\/strong><\/span>Siempre elegante y derrochando clase a lomos de su cuadra, ha tenido , a mi entender el lote m\u00e1s complicado\u00a0de la tarde, un lote en el que ella sobresal\u00eda y desbordaba pero con unos ejemplares que no permit\u00edan lucimiento, pese a los esfuerzos de la gala, que no ha cejado, ni un s\u00f3lo momento en su empe\u00f1o por ofrecer lo mejor de s\u00ed misma.<\/p>\n<p style=\"text-align: justify;\">\u00a0Finalmente en su segundo, pudo mostrar \u201calgo\u201d de la clase y calidad del toreo que lleva dentro y con su tenacidad conseguir \u201carrancar\u201d una, m\u00e1s que merecida oreja<\/p>\n<p><span style=\"color: #ff0000;\"><a style=\"color: #ff0000;\" href=\"https:\/\/www.burladero.tv\/festejos\/2021\/6\/17\/de-tal-palo-tal-astilla-la-saga-continua-69263.html\">Fuente:Burladero.tv<\/a><\/span><\/p>\n<p style=\"text-align: center;\"><strong><u>\u00a0FICHA DEL FESTEJO<\/u><\/strong><\/p>\n<p style=\"text-align: center;\"><em style=\"font-weight: inherit;\">Jueves 17 de junio de 2021<\/em><\/p>\n<p style=\"text-align: center;\"><strong style=\"font-style: inherit;\">Granada<\/strong><\/p>\n<p style=\"text-align: center;\">Plaza de toros Monumental de Frascuelo.<\/p>\n<p style=\"text-align: center;\">Primera corrida de la Feria del Corpus<\/p>\n<p style=\"text-align: center;\">Toros de la ganader\u00eda\u00a0<strong style=\"font-style: inherit;\">Ferm\u00edn Boh\u00f3rquez <\/strong><\/p>\n<p style=\"text-align: center;\"><strong style=\"font-style: inherit;\">Pablo Hermoso, <\/strong>Oreja \/ Oreja<\/p>\n<p style=\"text-align: center;\"><span style=\"color: #0000ff;\"><strong>L\u00e9a Vicens<\/strong>,<\/span>\u00a0Ovaci\u00f3n \/ Oreja<\/p>\n<p style=\"text-align: center;\"><strong style=\"font-style: inherit;\">Guillermo Hermoso de Mendoza,\u00a0<\/strong>\u00a0Dos orejas \/ Dos orejas<\/p>\n<p style=\"text-align: center;\"><strong style=\"font-style: inherit;\">Entrada:\u00a0<\/strong>Dos tercios del aforo permitido, de acuerdo a las limitaciones de seguridad. Unas 3000 personas<\/p>\n<p>&nbsp;<\/p>\n<p><span style=\"color: #ff0000;\"><a style=\"color: #ff0000;\" href=\"https:\/\/www.mundotoro.com\/noticia\/pablo-hermoso-lea-vicens-guillermo-hermoso-mendoza-granada-primera-corpus-galeria\/1577811\">Foto: Plaza de Granada &#8211;\u00a0 V\u00eda: Mika Zarcas<\/a><\/span><\/p>\n<div class=\"autor f\">\n<div class=\"nombre-autor\"><\/div>\n<\/div>\n<p>&nbsp;<\/p>\n","protected":false},"excerpt":{"rendered":"<p>&nbsp;<\/p>\n[gallery ids=\"11770\"]\n<p style=\"text-align: center;\"><span style=\"color: #0000ff;\"><em><strong>\u00abTras grandes faenas los aceros impiden un triunfo mayor en Granada\u00bb<\/strong><\/em><\/span><\/p>\n<p>&nbsp;<\/p>\n<p style=\"text-align: justify;\">La Feria &#8230;<\/p>\n","protected":false},"author":4,"featured_media":11769,"comment_status":"open","ping_status":"open","sticky":true,"template":"","format":"standard","meta":[],"categories":[20,1],"tags":[],"_links":{"self":[{"href":"https:\/\/leavicens.com\/fr_FR\/wp-json\/wp\/v2\/posts\/11768"}],"collection":[{"href":"https:\/\/leavicens.com\/fr_FR\/wp-json\/wp\/v2\/posts"}],"about":[{"href":"https:\/\/leavicens.com\/fr_FR\/wp-json\/wp\/v2\/types\/post"}],"author":[{"embeddable":true,"href":"https:\/\/leavicens.com\/fr_FR\/wp-json\/wp\/v2\/users\/4"}],"replies":[{"embeddable":true,"href":"https:\/\/leavicens.com\/fr_FR\/wp-json\/wp\/v2\/comments?post=11768"}],"version-history":[{"count":9,"href":"https:\/\/leavicens.com\/fr_FR\/wp-json\/wp\/v2\/posts\/11768\/revisions"}],"predecessor-version":[{"id":11782,"href":"https:\/\/leavicens.com\/fr_FR\/wp-json\/wp\/v2\/posts\/11768\/revisions\/11782"}],"wp:featuredmedia":[{"embeddable":true,"href":"https:\/\/leavicens.com\/fr_FR\/wp-json\/wp\/v2\/media\/11769"}],"wp:attachment":[{"href":"https:\/\/leavicens.com\/fr_FR\/wp-json\/wp\/v2\/media?parent=11768"}],"wp:term":[{"taxonomy":"category","embeddable":true,"href":"https:\/\/leavicens.com\/fr_FR\/wp-json\/wp\/v2\/categories?post=11768"},{"taxonomy":"post_tag","embeddable":true,"href":"https:\/\/leavicens.com\/fr_FR\/wp-json\/wp\/v2\/tags?post=11768"}],"curies":[{"name":"wp","href":"https:\/\/api.w.org\/{rel}","templated":true}]}}