{"id":11783,"date":"2021-06-26T22:08:01","date_gmt":"2021-06-26T20:08:01","guid":{"rendered":"https:\/\/leavicens.com\/?p=11783"},"modified":"2021-06-27T10:09:01","modified_gmt":"2021-06-27T08:09:01","slug":"lea-vicens-ovaciones-en-alicante-tras-dos-faenas-de-raza","status":"publish","type":"post","link":"https:\/\/leavicens.com\/fr_FR\/lea-vicens-ovaciones-en-alicante-tras-dos-faenas-de-raza\/","title":{"rendered":"L\u00c9A VICENS, OVACIONES EN ALICANTE TRAS DOS FAENAS DE RAZA"},"content":{"rendered":"<p style=\"text-align: center;\"><span style=\"color: #0000ff;\"><em><strong>\u00abLas estad\u00edsticas no hicieron justicia al buen rejoneo de L\u00e9a\u00bb\u00a0<\/strong><\/em><\/span><\/p>\n<p style=\"text-align: justify;\">Hoy\u00a0<span style=\"color: #0000ff;\"><strong>L\u00e9a<\/strong> <strong>Vicens<\/strong> <\/span>no tuvo acierto a pesar de la clase que atesora, varios intentos con los rejones de muerte le hicieron salir de vac\u00edo. Ovaci\u00f3n y saludos. Ante el primero de su lote, <span style=\"color: #0000ff;\"><strong>L\u00e9a<\/strong><\/span>\u00a0construy\u00f3 una gran faena a base de temple y precisi\u00f3n. L\u00e1stima que su buena labor no estuvo rematada con los aceros.<\/p>\n<p style=\"text-align: justify;\">El quinto fue un toro que embisti\u00f3 a oleadas y desarroll\u00f3 mucho temperamento.\u00a0<span style=\"color: #0000ff;\"><strong>Vicens<\/strong><\/span> tir\u00f3 de oficio y raza para resolver la complicada papeleta. Resolvi\u00f3 con agudeza el compromiso. <strong>Alicante<\/strong>\u00a0reconoci\u00f3 el esfuerzo y tribut\u00f3 una calurosa ovaci\u00f3n que\u00a0<span style=\"color: #0000ff;\"><strong>L\u00e9a<\/strong><\/span>\u00a0recogi\u00f3 desde el tercio.<\/p>\n<p style=\"text-align: center;\"><strong><u>FICHA DEL FESTEJO<\/u><\/strong><\/p>\n<p style=\"text-align: center;\"><em>S\u00e1bado 26 de junio de 2021<\/em><\/p>\n<p style=\"text-align: center;\">Plaza de toros de Alicante.<\/p>\n<p style=\"text-align: center;\">Tercera de abono. Corrida de rejones.<\/p>\n<p style=\"text-align: center;\">Toros de\u00a0<strong>Ferm\u00edn Boh\u00f3rquez.<\/strong><\/p>\n<p style=\"text-align: center;\"><strong>Andy Cartagena,<\/strong>\u00a0ovaci\u00f3n y dos orejas.<\/p>\n<p style=\"text-align: center;\"><span style=\"color: #0000ff;\"><strong>L\u00e9a Vicens,\u00a0<\/strong><\/span>silencio y ovaci\u00f3n.<\/p>\n<p style=\"text-align: center;\"><strong>Guillermo Hermoso de Mendoza,<\/strong>\u00a0oreja y ovaci\u00f3n.<\/p>\n<p><span style=\"color: #ff0000;\"><a style=\"color: #ff0000;\" href=\"https:\/\/www.mundotoro.com\/noticia\/alicante-6\/1579234\">Fuente: Mundotoro.com<\/a><\/span><\/p>\n<p style=\"text-align: center;\">\n","protected":false},"excerpt":{"rendered":"<p>\u00abLas estad\u00edsticas no hicieron justicia al buen rejoneo de L\u00e9a\u00bb\u00a0 Hoy\u00a0L\u00e9a Vicens no tuvo acierto a pesar de la clase&#8230;<\/p>\n","protected":false},"author":4,"featured_media":11784,"comment_status":"open","ping_status":"open","sticky":true,"template":"","format":"standard","meta":[],"categories":[20,1],"tags":[],"_links":{"self":[{"href":"https:\/\/leavicens.com\/fr_FR\/wp-json\/wp\/v2\/posts\/11783"}],"collection":[{"href":"https:\/\/leavicens.com\/fr_FR\/wp-json\/wp\/v2\/posts"}],"about":[{"href":"https:\/\/leavicens.com\/fr_FR\/wp-json\/wp\/v2\/types\/post"}],"author":[{"embeddable":true,"href":"https:\/\/leavicens.com\/fr_FR\/wp-json\/wp\/v2\/users\/4"}],"replies":[{"embeddable":true,"href":"https:\/\/leavicens.com\/fr_FR\/wp-json\/wp\/v2\/comments?post=11783"}],"version-history":[{"count":1,"href":"https:\/\/leavicens.com\/fr_FR\/wp-json\/wp\/v2\/posts\/11783\/revisions"}],"predecessor-version":[{"id":11785,"href":"https:\/\/leavicens.com\/fr_FR\/wp-json\/wp\/v2\/posts\/11783\/revisions\/11785"}],"wp:featuredmedia":[{"embeddable":true,"href":"https:\/\/leavicens.com\/fr_FR\/wp-json\/wp\/v2\/media\/11784"}],"wp:attachment":[{"href":"https:\/\/leavicens.com\/fr_FR\/wp-json\/wp\/v2\/media?parent=11783"}],"wp:term":[{"taxonomy":"category","embeddable":true,"href":"https:\/\/leavicens.com\/fr_FR\/wp-json\/wp\/v2\/categories?post=11783"},{"taxonomy":"post_tag","embeddable":true,"href":"https:\/\/leavicens.com\/fr_FR\/wp-json\/wp\/v2\/tags?post=11783"}],"curies":[{"name":"wp","href":"https:\/\/api.w.org\/{rel}","templated":true}]}}