{"id":11796,"date":"2021-07-01T22:35:44","date_gmt":"2021-07-01T20:35:44","guid":{"rendered":"https:\/\/leavicens.com\/?p=11796"},"modified":"2021-07-02T01:43:35","modified_gmt":"2021-07-01T23:43:35","slug":"lea-vicens-anunciada-en-la-gran-feria-de-agosto-de-beziers","status":"publish","type":"post","link":"https:\/\/leavicens.com\/fr_FR\/lea-vicens-anunciada-en-la-gran-feria-de-agosto-de-beziers\/","title":{"rendered":"L\u00c9A VICENS, ANUNCIADA EN LA GRAN FERIA DE AGOSTO DE BEZIERS"},"content":{"rendered":"<p style=\"text-align: center;\"><span style=\"color: #0000ff;\"><strong><em>\u201cLa ciudad gala dar\u00e1 tres corridas, una de rejones y dos novilladas\u201d<\/em><\/strong><\/span><\/p>\n<p>&nbsp;<\/p>\n<p style=\"text-align: justify;\">La ciudad francesa de <strong>Beziers<\/strong> ha desvelado oficialmente las combinaciones de su <strong>Feria de Agosto.<\/strong> Un ciclo variado, que constar\u00e1 de una corrida mixta, tres corridas de toros, una novillada picada y otra sin picadores. El abono se desarrollar\u00e1 entre el jueves 12 y el domingo 15 de agosto.<\/p>\n<p style=\"text-align: justify;\">En el mismo, hay grandes alicientes como la presencia de figuras del toreo como\u00a0<strong>Roca Rey, Miguel \u00c1ngel Perera, El Fandi<\/strong>\u00a0o la propia <span style=\"color: #0000ff;\"><strong>L\u00e9a Vicens.<\/strong><\/span><\/p>\n<p style=\"text-align: justify;\"><strong>\u00a0<\/strong>Se medir\u00e1n a divisas punteras y contrastadas como\u00a0<strong>Victoriano del R\u00edo, Torrealta, Ferm\u00edn Boh\u00f3rquez, Garcigrande<\/strong>, adem\u00e1s de hierros franceses como\u00a0<strong>Marg\u00e9<\/strong>\u00a0y\u00a0<strong>Gran Badon.<\/strong><\/p>\n<p style=\"text-align: justify;\">Los carteles han quedado conformados de la siguiente manera:<\/p>\n<p style=\"text-align: justify;\"><em>-Jueves 12 de agosto:<\/em><span style=\"color: #0000ff;\">\u00a0<\/span><strong><span style=\"color: #0000ff;\">L\u00e9a Vicens,<\/span> Roca Rey<\/strong>\u00a0y\u00a0<strong>El Rafi (Ferm\u00edn Boh\u00f3rquez-Victoriano del R\u00edo).<\/strong><\/p>\n<p style=\"text-align: justify;\"><em>-Viernes 13:\u00a0<\/em><strong>Daniel Luque, Emilio de Justo<\/strong>\u00a0y<strong>\u00a0Juan Leal (Torrealta).<\/strong><\/p>\n<p style=\"text-align: justify;\"><em>-S\u00e1bado 18.<\/em>\u00a0Matinal:<strong>\u00a0Carlos Olsina, Arturo Gilio<\/strong>\u00a0y\u00a0<strong>Christian Parejo (Gran Badon).<\/strong><\/p>\n<p style=\"text-align: justify;\">Por la tarde,\u00a0<strong>El Fandi, Miguel \u00c1ngel Perera<\/strong>\u00a0y<strong>\u00a0L\u00f3pez Sim\u00f3n (Marg\u00e9).<\/strong><\/p>\n<p style=\"text-align: justify;\"><em>-Domingo 15.<\/em>\u00a0Matinal. Novillada sin picadores.<\/p>\n<p style=\"text-align: justify;\">Por la tarde,<strong>\u00a0Antonio Ferrera, Jos\u00e9 Mar\u00eda Manzanares<\/strong>\u00a0y<strong>\u00a0Juan Ortega (Garcigrande).<\/strong><\/p>\n<p>&nbsp;<\/p>\n<p style=\"text-align: justify;\">\n","protected":false},"excerpt":{"rendered":"<p style=\"text-align: center;\"><span style=\"color: #0000ff;\"><strong><em>\u201cLa ciudad gala dar\u00e1 tres corridas, una de rejones y dos novilladas\u201d<\/em><\/strong><\/span><\/p>\n<p>&nbsp;<\/p>\n<p style=\"text-align: justify;\">La ciudad francesa de <strong>Beziers<\/str...\n<\/p>\n","protected":false},"author":4,"featured_media":11797,"comment_status":"open","ping_status":"open","sticky":true,"template":"","format":"standard","meta":[],"categories":[20,1],"tags":[],"_links":{"self":[{"href":"https:\/\/leavicens.com\/fr_FR\/wp-json\/wp\/v2\/posts\/11796"}],"collection":[{"href":"https:\/\/leavicens.com\/fr_FR\/wp-json\/wp\/v2\/posts"}],"about":[{"href":"https:\/\/leavicens.com\/fr_FR\/wp-json\/wp\/v2\/types\/post"}],"author":[{"embeddable":true,"href":"https:\/\/leavicens.com\/fr_FR\/wp-json\/wp\/v2\/users\/4"}],"replies":[{"embeddable":true,"href":"https:\/\/leavicens.com\/fr_FR\/wp-json\/wp\/v2\/comments?post=11796"}],"version-history":[{"count":3,"href":"https:\/\/leavicens.com\/fr_FR\/wp-json\/wp\/v2\/posts\/11796\/revisions"}],"predecessor-version":[{"id":11802,"href":"https:\/\/leavicens.com\/fr_FR\/wp-json\/wp\/v2\/posts\/11796\/revisions\/11802"}],"wp:featuredmedia":[{"embeddable":true,"href":"https:\/\/leavicens.com\/fr_FR\/wp-json\/wp\/v2\/media\/11797"}],"wp:attachment":[{"href":"https:\/\/leavicens.com\/fr_FR\/wp-json\/wp\/v2\/media?parent=11796"}],"wp:term":[{"taxonomy":"category","embeddable":true,"href":"https:\/\/leavicens.com\/fr_FR\/wp-json\/wp\/v2\/categories?post=11796"},{"taxonomy":"post_tag","embeddable":true,"href":"https:\/\/leavicens.com\/fr_FR\/wp-json\/wp\/v2\/tags?post=11796"}],"curies":[{"name":"wp","href":"https:\/\/api.w.org\/{rel}","templated":true}]}}