{"id":11831,"date":"2021-07-23T23:59:08","date_gmt":"2021-07-23T21:59:08","guid":{"rendered":"https:\/\/leavicens.com\/?p=11831"},"modified":"2021-07-24T13:37:36","modified_gmt":"2021-07-24T11:37:36","slug":"lea-vicens-noche-de-contrastes-con-gran-trunfo-en-la-mixta-de-fuengirola","status":"publish","type":"post","link":"https:\/\/leavicens.com\/fr_FR\/lea-vicens-noche-de-contrastes-con-gran-trunfo-en-la-mixta-de-fuengirola\/","title":{"rendered":"L\u00c9A VICENS, NOCHE DE CONTRASTES CON GRAN TRUNFO EN LA MIXTA DE FUENGIROLA"},"content":{"rendered":"<p style=\"text-align: center;\"><span style=\"color: #0000ff;\"><em><strong>\u00abDos orejas para L\u00e9a Vicens en noche de contrastes\u00bb<\/strong><\/em><\/span><\/p>\n<p style=\"text-align: justify;\">El coronavirus priv\u00f3 a<strong style=\"font-style: inherit;\"><span style=\"color: #0000ff;\"> L\u00e9a Vicens,<\/span> Manuel D\u00edaz \u00abEl Cordob\u00e9s\u00bb<\/strong>\u00a0y<strong style=\"font-style: inherit;\"> David Fandila \u00abEl Fandi\u00bb<\/strong>\u00a0tener foto de su\u00a0<strong style=\"font-style: inherit;\">Puerta Grande<\/strong>\u00a0en<strong style=\"font-style: inherit;\">\u00a0Fuengirola.<\/strong>\u00a0Los tres diestros ofrecieron una entretenida noche con una corrida de\u00a0<strong style=\"font-style: inherit;\">Roc\u00edo de la C\u00e1mara<\/strong>\u00a0que no dio facilidades por la aspereza y mansedumbre de sus embestidas.\u00a0Noche de contraste de\u00a0<span style=\"color: #0000ff;\"><strong style=\"font-style: inherit;\">L\u00e9a Vicens,<\/strong>\u00a0<\/span>pues pase\u00f3 las dos orejas del primero, pero escuch\u00f3 los tres avisos del cuarto, un astado que se aquerenci\u00f3 en tablas.<\/p>\n<p style=\"text-align: justify;\"><span style=\"color: #0000ff;\"><strong style=\"font-style: inherit;\">L\u00e9a Vicens<\/strong><\/span>\u00a0puso cara la noche al pasear las dos orejas del primero de\u00a0<strong style=\"font-style: inherit;\">Roc\u00edo de la C\u00e1mara.<\/strong>\u00a0La rejoneadora francesa cuaj\u00f3 una gran faena, con varios galopes a dos pistas. Las banderillas llegaron a los tendidos a lomos de<em style=\"font-weight: inherit;\">\u00a0<strong>\u2018Guitarra\u2019<\/strong><\/em>\u00a0y\u00a0<strong><em style=\"font-weight: inherit;\">\u2018B\u00e9tico\u2019<\/em>.<\/strong> Tras un efectivo rej\u00f3n de muerte, pase\u00f3 el doble trofeo tras poner la plaza en pie.<\/p>\n<p style=\"text-align: justify;\">Tras un rej\u00f3n de castigo, el cuarto se fue de forma descarada a las tablas y fue tarea imposible sacarle de esos terrenos.<span style=\"color: #0000ff;\"><strong style=\"font-style: inherit;\">\u00a0L\u00e9a Vicens<\/strong>\u00a0<\/span>escuch\u00f3 los tres avisos tras no acertar los banderilleros con la puntilla desde el burladero.<\/p>\n<p style=\"text-align: center;\"><strong><u>F\u00cdCHA DEL FESTEJO:<\/u><\/strong><\/p>\n<p style=\"text-align: center;\"><em style=\"font-weight: inherit;\">Viernes 24 de julio de 2021<\/em><\/p>\n<p style=\"text-align: center;\"><strong style=\"font-style: inherit;\">Plaza de toros de Fuengirola \u2013 M\u00e1laga<\/strong><\/p>\n<p style=\"text-align: center;\">&#8216;Corrida Mixta Nocturna&#8217;<\/p>\n<p style=\"text-align: center;\">Corrida de toros. \u201cLleno\u201d de entrada dentro del aforo permitido.<\/p>\n<p style=\"text-align: center;\">Se lidian toros de\u00a0<strong style=\"font-style: inherit;\">Roc\u00edo de la C\u00e1mara<\/strong>\u00a0(1\u00ba y 4\u00ba, para rejones), desiguales de presentaci\u00f3n y de juego, aunque desarrollaron mansedumbre y aspereza, en general.<\/p>\n<p style=\"text-align: center;\"><strong><span style=\"color: #0000ff;\">L\u00e9a Vicens,<\/span> <\/strong>Dos orejas y Tres avisos.<\/p>\n<p style=\"text-align: center;\"><strong>Manuel D\u00edaz \u2018El Cordob\u00e9s\u2019<\/strong>, Oreja y Oreja.<\/p>\n<p style=\"text-align: center;\"><strong style=\"font-style: inherit;\">David Fandila \u2018El Fandi\u2019<\/strong>, Dos orejas y Dos orejas.<\/p>\n<p><a href=\"https:\/\/www.mundotoro.com\/noticia\/la-corrida-de-fuengirola-con-lea-el-cordobes-y-el-fandi-al-detalle-directo-fuengirola\/1583524\"><span style=\"color: #ff0000;\">Fuente: Mundotorocom\u00a0<\/span><\/a><\/p>\n","protected":false},"excerpt":{"rendered":"<p>\u00abDos orejas para L\u00e9a Vicens en noche de contrastes\u00bb El coronavirus priv\u00f3 a L\u00e9a Vicens, Manuel D\u00edaz \u00abEl Cordob\u00e9s\u00bb\u00a0y David&#8230;<\/p>\n","protected":false},"author":4,"featured_media":11832,"comment_status":"open","ping_status":"open","sticky":true,"template":"","format":"standard","meta":[],"categories":[20,1],"tags":[],"_links":{"self":[{"href":"https:\/\/leavicens.com\/fr_FR\/wp-json\/wp\/v2\/posts\/11831"}],"collection":[{"href":"https:\/\/leavicens.com\/fr_FR\/wp-json\/wp\/v2\/posts"}],"about":[{"href":"https:\/\/leavicens.com\/fr_FR\/wp-json\/wp\/v2\/types\/post"}],"author":[{"embeddable":true,"href":"https:\/\/leavicens.com\/fr_FR\/wp-json\/wp\/v2\/users\/4"}],"replies":[{"embeddable":true,"href":"https:\/\/leavicens.com\/fr_FR\/wp-json\/wp\/v2\/comments?post=11831"}],"version-history":[{"count":1,"href":"https:\/\/leavicens.com\/fr_FR\/wp-json\/wp\/v2\/posts\/11831\/revisions"}],"predecessor-version":[{"id":11833,"href":"https:\/\/leavicens.com\/fr_FR\/wp-json\/wp\/v2\/posts\/11831\/revisions\/11833"}],"wp:featuredmedia":[{"embeddable":true,"href":"https:\/\/leavicens.com\/fr_FR\/wp-json\/wp\/v2\/media\/11832"}],"wp:attachment":[{"href":"https:\/\/leavicens.com\/fr_FR\/wp-json\/wp\/v2\/media?parent=11831"}],"wp:term":[{"taxonomy":"category","embeddable":true,"href":"https:\/\/leavicens.com\/fr_FR\/wp-json\/wp\/v2\/categories?post=11831"},{"taxonomy":"post_tag","embeddable":true,"href":"https:\/\/leavicens.com\/fr_FR\/wp-json\/wp\/v2\/tags?post=11831"}],"curies":[{"name":"wp","href":"https:\/\/api.w.org\/{rel}","templated":true}]}}