{"id":11838,"date":"2021-07-31T23:32:44","date_gmt":"2021-07-31T21:32:44","guid":{"rendered":"https:\/\/leavicens.com\/?p=11838"},"modified":"2021-08-12T22:41:00","modified_gmt":"2021-08-12T20:41:00","slug":"lea-vicens-una-vez-mas-llena-de-elegancia-la-plaza-bayona","status":"publish","type":"post","link":"https:\/\/leavicens.com\/fr_FR\/lea-vicens-una-vez-mas-llena-de-elegancia-la-plaza-bayona\/","title":{"rendered":"L\u00c9A VICENS, UNA VEZ M\u00c1S LLEN\u00d3 A BAYONA DE ELEGANCIA Y TEMPLE"},"content":{"rendered":"<p><a href=\"https:\/\/leavicens.com\/lvicens\/wp-content\/uploads\/2021\/08\/wIMGL9129-copie.jpg\"><img loading=\"lazy\" class=\"size-medium wp-image-11840 aligncenter\" src=\"https:\/\/leavicens.com\/lvicens\/wp-content\/uploads\/2021\/08\/wIMGL9129-copie-266x300.jpg\" alt=\"\" width=\"266\" height=\"300\" srcset=\"https:\/\/leavicens.com\/lvicens\/wp-content\/uploads\/2021\/08\/wIMGL9129-copie-266x300.jpg 266w, https:\/\/leavicens.com\/lvicens\/wp-content\/uploads\/2021\/08\/wIMGL9129-copie-300x339.jpg 300w, https:\/\/leavicens.com\/lvicens\/wp-content\/uploads\/2021\/08\/wIMGL9129-copie-600x677.jpg 600w, https:\/\/leavicens.com\/lvicens\/wp-content\/uploads\/2021\/08\/wIMGL9129-copie-907x1024.jpg 907w, https:\/\/leavicens.com\/lvicens\/wp-content\/uploads\/2021\/08\/wIMGL9129-copie-768x867.jpg 768w, https:\/\/leavicens.com\/lvicens\/wp-content\/uploads\/2021\/08\/wIMGL9129-copie-916x1034.jpg 916w, https:\/\/leavicens.com\/lvicens\/wp-content\/uploads\/2021\/08\/wIMGL9129-copie.jpg 1063w\" sizes=\"(max-width: 266px) 100vw, 266px\" \/><\/a><\/p>\n<p style=\"text-align: center;\"><span style=\"color: #0000ff;\"><em><strong>\u00abL\u00e9a Vicens, cort\u00f3 una oreja y el descabello le impidi\u00f3 salir por la Puerta Grande\u00bb<\/strong><\/em><\/span><\/p>\n<p style=\"text-align: justify;\">En el festejo de rejones celebrado este domingo en\u00a0<strong>Bayona<\/strong>, \u00fanico espect\u00e1culo ecuestre programado este a\u00f1o en el suroeste franc\u00e9s. El p\u00fablico, que acudi\u00f3 en buen n\u00famero al coso<strong style=\"font-style: inherit;\"><em>\u00a0Marcel Dangou,<\/em><\/strong>\u00a0disfrut\u00f3 de lo lindo. <span style=\"color: #0000ff;\"><strong>L\u00e9a Vicens<\/strong><\/span>\u00a0pudo unirse al triunfo de sus compa\u00f1eros pero el descabello le impidi\u00f3 acompa\u00f1arlos en volandas.<\/p>\n<p style=\"text-align: justify;\">Sac\u00f3 pies el casta\u00f1o segundo y aport\u00f3 emoci\u00f3n a la lidia de<strong style=\"font-style: inherit;\">\u00a0<span style=\"color: #0000ff;\">L\u00e9a Vicens<\/span><\/strong><span style=\"color: #0000ff;\">,<\/span> que protagoniz\u00f3 un vistoso tercio de banderillas en el que destac\u00f3 el templado galope de costado a lomos\u00a0<em style=\"font-weight: inherit;\"><strong>B\u00e9tico<\/strong><\/em><strong>,<\/strong> con el que puso igualmente varias banderillas muy aplaudidas. Cerr\u00f3 su labor con una rueda de banderillas cortas para pasear la primera oreja de la funci\u00f3n.<\/p>\n<p style=\"text-align: justify;\">El quinto sali\u00f3 distra\u00eddo pero<strong style=\"font-style: inherit;\">\u00a0<span style=\"color: #0000ff;\">L\u00e9a<\/span><\/strong><span style=\"color: #0000ff;\">\u00a0<strong>Vicens<\/strong><\/span> lo fue encelando poco a poco hasta conseguir que se interesara por las cabalgaduras y edificar una obra consistente, fundamentada en un estimable tercio de banderillas. Cay\u00f3 trasero el rej\u00f3n de muerte, hubo de echar pie a tierra para dar muerte al animal, y el descabello le cerr\u00f3 la <strong>Puerta Grande<\/strong>. Salud\u00f3 una ovaci\u00f3n desde el tercio.<\/p>\n<p style=\"text-align: center;\"><strong><u>FICHA DEL FESTEJO:<\/u><\/strong><\/p>\n<p style=\"text-align: center;\">Plaza de toros de\u00a0<strong style=\"font-style: inherit;\">Bayona (Francia).\u00a0<\/strong><\/p>\n<p style=\"text-align: center;\"><em>S\u00e1bado 31 de julio de 2021<\/em><\/p>\n<p style=\"text-align: center;\"><strong>Entrada:<\/strong> Alrededor de 3.000 personas seg\u00fan las limitaciones de aforo impuestas por motivos sanitarios.<\/p>\n<p style=\"text-align: center;\">Toros de\u00a0<strong style=\"font-style: inherit;\">Jalabert\u00a0Fr\u00e8res<\/strong>, el 3\u00ba como sobrero y el 4\u00ba con el hierro de\u00a0<strong style=\"font-style: inherit;\">Laget,<\/strong>\u00a0de buena presencia, variadas hechuras y comportamiento interesante. Sobresalieron tercero y cuarto, muy encastados.<\/p>\n<p style=\"text-align: center;\"><strong>Andy Cartagena<\/strong>, Silencio y Dos orejas.<\/p>\n<p style=\"text-align: center;\"><span style=\"color: #0000ff;\"><strong>L\u00e9a Vicens, <\/strong><\/span>Oreja y Ovaci\u00f3n.<\/p>\n<p style=\"text-align: center;\"><strong style=\"font-style: inherit;\">Guillermo Hermoso de Mendoza<\/strong>, Oreja y Dos orejas y rabo.<\/p>\n<p><a href=\"https:\/\/www.mundotoro.com\/noticia\/sigue-la-segunda-de-bayona-al-detalle-en-mundotoro\/1584607\"><span style=\"color: #ff0000;\">Fuente: Mundotoro.com<\/span><\/a><\/p>\n<p>&nbsp;<\/p>\n<p>&nbsp;<\/p>\n","protected":false},"excerpt":{"rendered":"<p><a href=\"https:\/\/leavicens.com\/lvicens\/wp-content\/uploads\/2021\/08\/wIMGL9129-copie.jpg\"><img class=\"size-medium wp-image-11840 aligncenter\" src=\"https:\/\/leavicens.com\/lvicens\/wp-content\/uploads\/2021\/08\/wIMGL9129-copie-266x300.jpg\" alt=\"\" width=\"266\" h...\n<\/p srcset=\"https:\/\/leavicens.com\/lvicens\/wp-content\/uploads\/2021\/08\/wIMGL9129-copie-266x300.jpg 266w, https:\/\/leavicens.com\/lvicens\/wp-content\/uploads\/2021\/08\/wIMGL9129-copie-300x339.jpg 300w, https:\/\/leavicens.com\/lvicens\/wp-content\/uploads\/2021\/08\/wIMGL9129-copie-600x677.jpg 600w, https:\/\/leavicens.com\/lvicens\/wp-content\/uploads\/2021\/08\/wIMGL9129-copie-907x1024.jpg 907w, https:\/\/leavicens.com\/lvicens\/wp-content\/uploads\/2021\/08\/wIMGL9129-copie-768x867.jpg 768w, https:\/\/leavicens.com\/lvicens\/wp-content\/uploads\/2021\/08\/wIMGL9129-copie-916x1034.jpg 916w, https:\/\/leavicens.com\/lvicens\/wp-content\/uploads\/2021\/08\/wIMGL9129-copie.jpg 1063w\" sizes=\"(max-width: 266px) 100vw, 266px\" \/>\n","protected":false},"author":4,"featured_media":11839,"comment_status":"open","ping_status":"open","sticky":true,"template":"","format":"standard","meta":[],"categories":[20,1],"tags":[],"_links":{"self":[{"href":"https:\/\/leavicens.com\/fr_FR\/wp-json\/wp\/v2\/posts\/11838"}],"collection":[{"href":"https:\/\/leavicens.com\/fr_FR\/wp-json\/wp\/v2\/posts"}],"about":[{"href":"https:\/\/leavicens.com\/fr_FR\/wp-json\/wp\/v2\/types\/post"}],"author":[{"embeddable":true,"href":"https:\/\/leavicens.com\/fr_FR\/wp-json\/wp\/v2\/users\/4"}],"replies":[{"embeddable":true,"href":"https:\/\/leavicens.com\/fr_FR\/wp-json\/wp\/v2\/comments?post=11838"}],"version-history":[{"count":6,"href":"https:\/\/leavicens.com\/fr_FR\/wp-json\/wp\/v2\/posts\/11838\/revisions"}],"predecessor-version":[{"id":11878,"href":"https:\/\/leavicens.com\/fr_FR\/wp-json\/wp\/v2\/posts\/11838\/revisions\/11878"}],"wp:featuredmedia":[{"embeddable":true,"href":"https:\/\/leavicens.com\/fr_FR\/wp-json\/wp\/v2\/media\/11839"}],"wp:attachment":[{"href":"https:\/\/leavicens.com\/fr_FR\/wp-json\/wp\/v2\/media?parent=11838"}],"wp:term":[{"taxonomy":"category","embeddable":true,"href":"https:\/\/leavicens.com\/fr_FR\/wp-json\/wp\/v2\/categories?post=11838"},{"taxonomy":"post_tag","embeddable":true,"href":"https:\/\/leavicens.com\/fr_FR\/wp-json\/wp\/v2\/tags?post=11838"}],"curies":[{"name":"wp","href":"https:\/\/api.w.org\/{rel}","templated":true}]}}