{"id":11846,"date":"2021-08-01T23:56:49","date_gmt":"2021-08-01T21:56:49","guid":{"rendered":"https:\/\/leavicens.com\/?p=11846"},"modified":"2021-08-01T23:59:42","modified_gmt":"2021-08-01T21:59:42","slug":"lea-vicens-puso-en-pie-a-huelva-puerta-grande-y-palmas-a-compas-tras-una-enorme-tarde","status":"publish","type":"post","link":"https:\/\/leavicens.com\/fr_FR\/lea-vicens-puso-en-pie-a-huelva-puerta-grande-y-palmas-a-compas-tras-una-enorme-tarde\/","title":{"rendered":"L\u00c9A VICENS, HUELVA, &#8216;PUERTA GRANDE&#8217; Y PALMAS A COMP\u00c1S TRAS UNA ENORME TARDE"},"content":{"rendered":"\n\t\t<style type=\"text\/css\">\n\t\t\t#gallery-1 {\n\t\t\t\tmargin: auto;\n\t\t\t}\n\t\t\t#gallery-1 .gallery-item {\n\t\t\t\tfloat: left;\n\t\t\t\tmargin-top: 10px;\n\t\t\t\ttext-align: center;\n\t\t\t\twidth: 33%;\n\t\t\t}\n\t\t\t#gallery-1 img {\n\t\t\t\tborder: 2px solid #cfcfcf;\n\t\t\t}\n\t\t\t#gallery-1 .gallery-caption {\n\t\t\t\tmargin-left: 0;\n\t\t\t}\n\t\t\t\/* see gallery_shortcode() in wp-includes\/media.php *\/\n\t\t<\/style>\n\t\t<div id='gallery-1' class='gallery galleryid-11846 gallery-columns-3 gallery-size-thumbnail'><dl class='gallery-item'>\n\t\t\t<dt class='gallery-icon landscape'>\n\t\t\t\t<a href='https:\/\/leavicens.com\/fr_FR\/lea-vicens-puso-en-pie-a-huelva-puerta-grande-y-palmas-a-compas-tras-una-enorme-tarde\/18-2\/'><img width=\"150\" height=\"150\" src=\"https:\/\/leavicens.com\/lvicens\/wp-content\/uploads\/2021\/08\/18-150x150.jpg\" class=\"attachment-thumbnail size-thumbnail\" alt=\"\" loading=\"lazy\" srcset=\"https:\/\/leavicens.com\/lvicens\/wp-content\/uploads\/2021\/08\/18-150x150.jpg 150w, https:\/\/leavicens.com\/lvicens\/wp-content\/uploads\/2021\/08\/18-100x100.jpg 100w, https:\/\/leavicens.com\/lvicens\/wp-content\/uploads\/2021\/08\/18-110x110.jpg 110w\" sizes=\"(max-width: 150px) 100vw, 150px\" title=\"\" \/><\/a>\n\t\t\t<\/dt><\/dl><dl class='gallery-item'>\n\t\t\t<dt class='gallery-icon landscape'>\n\t\t\t\t<a href='https:\/\/leavicens.com\/fr_FR\/lea-vicens-puso-en-pie-a-huelva-puerta-grande-y-palmas-a-compas-tras-una-enorme-tarde\/attachment\/23\/'><img width=\"150\" height=\"150\" src=\"https:\/\/leavicens.com\/lvicens\/wp-content\/uploads\/2021\/08\/23-150x150.jpg\" class=\"attachment-thumbnail size-thumbnail\" alt=\"\" loading=\"lazy\" srcset=\"https:\/\/leavicens.com\/lvicens\/wp-content\/uploads\/2021\/08\/23-150x150.jpg 150w, https:\/\/leavicens.com\/lvicens\/wp-content\/uploads\/2021\/08\/23-100x100.jpg 100w, https:\/\/leavicens.com\/lvicens\/wp-content\/uploads\/2021\/08\/23-110x110.jpg 110w\" sizes=\"(max-width: 150px) 100vw, 150px\" title=\"\" \/><\/a>\n\t\t\t<\/dt><\/dl>\n\t\t\t<br style='clear: both' \/>\n\t\t<\/div>\n\n<p><em><span style=\"color: #0000ff;\"><strong>\u201cDos orejas para L\u00e9a Vicens quien antes de que se recoja le hacen salir a los medios con palmas por\u00a0Huelva<\/strong>\u201d<\/span><\/em><\/p>\n<p style=\"text-align: justify;\"><span style=\"color: #0000ff;\"><strong>L\u00e9a Vicens<\/strong>\u00a0<\/span>y\u00a0<strong>Francisco Palha<\/strong>\u00a0han salido en hombros en el segundo festejo de la Feria de Las Colombinas de\u00a0<strong>Huelva<\/strong>, un entretenido festejo para el que se agot\u00f3 el boletaje en el que se lidi\u00f3 un manejable encierro de\u00a0<strong>Boh\u00f3rquez<\/strong>.\u00a0<strong>\u00a0<\/strong><\/p>\n<p style=\"text-align: justify;\">Bravo y exigente el quinto. Con volumen. Muy centrada<strong>\u00a0<span style=\"color: #0000ff;\">L\u00e9a Vicens<\/span><\/strong><span style=\"color: #0000ff;\">,<\/span> echando el caballo encima y aguant\u00e1ndole. Clavando siempre arriba adem\u00e1s y finalizando su actuaci\u00f3n con un rejonazo eficaz que hizo su efecto. Dos orejas para la rejoneadora francesa a quien antes de que se recoja le hacen salir a los medios con palmas por\u00a0<strong>Huelva<\/strong>. Tremendo el l\u00edo.<\/p>\n<p style=\"text-align: center;\"><strong><u>F\u00cdCHA DEL FESTEJO:<\/u><\/strong><\/p>\n<p style=\"text-align: center;\"><em style=\"font-weight: inherit;\">Domingo 1 de agosto de 2021<\/em><\/p>\n<p style=\"text-align: center;\"><strong style=\"font-style: inherit;\">Plaza de toros de Huelva \u2013 Coso de la Merced <\/strong><\/p>\n<p style=\"text-align: center;\">Segunda de la\u00a0<strong style=\"font-style: inherit;\">Feria de Las Colombinas<\/strong>.<\/p>\n<p style=\"text-align: center;\">Entrada: Cartel de \u2018No hay billetes\u2019 dentro del aforo permitido.<\/p>\n<p style=\"text-align: center;\">Toros de\u00a0<strong style=\"font-style: inherit;\">Ferm\u00edn Boh\u00f3rquez<\/strong>, el primero lidiado como sobrero tras lesionarse el titular en una mano tras el primer rej\u00f3n de castigo. Corrida noble, colaboradora en distinto grado, manejables en general. El mejor fue el enclasado primero.<\/p>\n<p style=\"text-align: center;\"><strong>Pablo Hermoso de Mendoza,<\/strong>\u00a0Vuelta al ruedo<\/p>\n<p style=\"text-align: center;\"><strong>Andy Cartagena<\/strong>, Oreja.<\/p>\n<p style=\"text-align: center;\"><strong style=\"font-style: inherit;\">Moura Caetano,<\/strong> Ovaci\u00f3n.<\/p>\n<p style=\"text-align: center;\"><strong style=\"font-style: inherit;\">Francisco Palha, <\/strong>Dos orejas.<\/p>\n<p style=\"text-align: center;\"><strong style=\"font-style: inherit;\"><span style=\"color: #0000ff;\">L\u00e9a Vicens,<\/span> <\/strong>Dos orejas<\/p>\n<p style=\"text-align: center;\"><strong style=\"font-style: inherit;\">Guillermo Hermoso de Mendoza<\/strong>, Oreja.<\/p>\n<p><a href=\"https:\/\/www.mundotoro.com\/noticia\/los-rejones-de-las-colombinas-al-detalle\/1584831\"><span style=\"color: #ff0000;\">Fuente: Mundotoro.com\u00a0<\/span><\/a><\/p>\n<p><a href=\"https:\/\/www.aplausos.es\/galeria\/huelva-domingo-1-de-agosto-de-2021-corrida-de-rejones\/\"><span style=\"color: #ff0000;\">Fotos: Arjona &#8211; V\u00eda Aplausos.com<\/span><\/a><\/p>\n","protected":false},"excerpt":{"rendered":"[gallery ids=\"11848,11847\"]\n<p><em><span style=\"color: #0000ff;\"><strong>\u201cDos orejas para L\u00e9a Vicens quien antes de que se recoja le hacen salir a los medios con palmas por\u00a0Huelva<\/strong>\u201d<\/span><\/em><\/p>\n<p style=\"text-align: justify;\"><span style=\"co...\n<\/p>\n","protected":false},"author":4,"featured_media":11849,"comment_status":"open","ping_status":"open","sticky":true,"template":"","format":"standard","meta":[],"categories":[20,1],"tags":[],"_links":{"self":[{"href":"https:\/\/leavicens.com\/fr_FR\/wp-json\/wp\/v2\/posts\/11846"}],"collection":[{"href":"https:\/\/leavicens.com\/fr_FR\/wp-json\/wp\/v2\/posts"}],"about":[{"href":"https:\/\/leavicens.com\/fr_FR\/wp-json\/wp\/v2\/types\/post"}],"author":[{"embeddable":true,"href":"https:\/\/leavicens.com\/fr_FR\/wp-json\/wp\/v2\/users\/4"}],"replies":[{"embeddable":true,"href":"https:\/\/leavicens.com\/fr_FR\/wp-json\/wp\/v2\/comments?post=11846"}],"version-history":[{"count":4,"href":"https:\/\/leavicens.com\/fr_FR\/wp-json\/wp\/v2\/posts\/11846\/revisions"}],"predecessor-version":[{"id":11853,"href":"https:\/\/leavicens.com\/fr_FR\/wp-json\/wp\/v2\/posts\/11846\/revisions\/11853"}],"wp:featuredmedia":[{"embeddable":true,"href":"https:\/\/leavicens.com\/fr_FR\/wp-json\/wp\/v2\/media\/11849"}],"wp:attachment":[{"href":"https:\/\/leavicens.com\/fr_FR\/wp-json\/wp\/v2\/media?parent=11846"}],"wp:term":[{"taxonomy":"category","embeddable":true,"href":"https:\/\/leavicens.com\/fr_FR\/wp-json\/wp\/v2\/categories?post=11846"},{"taxonomy":"post_tag","embeddable":true,"href":"https:\/\/leavicens.com\/fr_FR\/wp-json\/wp\/v2\/tags?post=11846"}],"curies":[{"name":"wp","href":"https:\/\/api.w.org\/{rel}","templated":true}]}}