{"id":11902,"date":"2021-09-04T16:02:38","date_gmt":"2021-09-04T14:02:38","guid":{"rendered":"https:\/\/leavicens.com\/?p=11902"},"modified":"2021-09-05T13:45:26","modified_gmt":"2021-09-05T11:45:26","slug":"lea-vicens-puerta-grande-tras-un-recital-de-rejoneo-en-ronda","status":"publish","type":"post","link":"https:\/\/leavicens.com\/fr_FR\/lea-vicens-puerta-grande-tras-un-recital-de-rejoneo-en-ronda\/","title":{"rendered":"L\u00c9A VICENS, PUERTA GRANDE TRAS UN RECITAL DE REJONEO EN RONDA"},"content":{"rendered":"<p><a href=\"https:\/\/leavicens.com\/lvicens\/wp-content\/uploads\/2021\/09\/ARJ9281.jpg\"><img loading=\"lazy\" class=\"size-medium wp-image-11906 alignleft\" src=\"https:\/\/leavicens.com\/lvicens\/wp-content\/uploads\/2021\/09\/ARJ9281-300x235.jpg\" alt=\"\" width=\"300\" height=\"235\" srcset=\"https:\/\/leavicens.com\/lvicens\/wp-content\/uploads\/2021\/09\/ARJ9281-300x235.jpg 300w, https:\/\/leavicens.com\/lvicens\/wp-content\/uploads\/2021\/09\/ARJ9281-600x470.jpg 600w, https:\/\/leavicens.com\/lvicens\/wp-content\/uploads\/2021\/09\/ARJ9281-1024x802.jpg 1024w, https:\/\/leavicens.com\/lvicens\/wp-content\/uploads\/2021\/09\/ARJ9281-768x602.jpg 768w, https:\/\/leavicens.com\/lvicens\/wp-content\/uploads\/2021\/09\/ARJ9281-916x718.jpg 916w, https:\/\/leavicens.com\/lvicens\/wp-content\/uploads\/2021\/09\/ARJ9281.jpg 1280w\" sizes=\"(max-width: 300px) 100vw, 300px\" \/><\/a><a href=\"https:\/\/leavicens.com\/lvicens\/wp-content\/uploads\/2021\/09\/ARJ9314.jpg\"><img loading=\"lazy\" class=\"size-medium wp-image-11907 alignright\" src=\"https:\/\/leavicens.com\/lvicens\/wp-content\/uploads\/2021\/09\/ARJ9314-300x215.jpg\" alt=\"\" width=\"300\" height=\"215\" srcset=\"https:\/\/leavicens.com\/lvicens\/wp-content\/uploads\/2021\/09\/ARJ9314-300x215.jpg 300w, https:\/\/leavicens.com\/lvicens\/wp-content\/uploads\/2021\/09\/ARJ9314-600x429.jpg 600w, https:\/\/leavicens.com\/lvicens\/wp-content\/uploads\/2021\/09\/ARJ9314-1024x733.jpg 1024w, https:\/\/leavicens.com\/lvicens\/wp-content\/uploads\/2021\/09\/ARJ9314-768x550.jpg 768w, https:\/\/leavicens.com\/lvicens\/wp-content\/uploads\/2021\/09\/ARJ9314-916x656.jpg 916w, https:\/\/leavicens.com\/lvicens\/wp-content\/uploads\/2021\/09\/ARJ9314.jpg 1280w\" sizes=\"(max-width: 300px) 100vw, 300px\" \/><\/a><\/p>\n<p>&nbsp;<\/p>\n<p>&nbsp;<\/p>\n<p>&nbsp;<\/p>\n<p>&nbsp;<\/p>\n<p>&nbsp;<\/p>\n<p>&nbsp;<\/p>\n<p>&nbsp;<\/p>\n<p style=\"text-align: center;\"><em><strong>\u201cL\u00e9a Vicens, una matinal impecable de rejoneo en Ronda\u201d<\/strong><\/em><\/p>\n<p style=\"text-align: justify;\">Matinal de alta escuela en la que ninguno de los participantes se dej\u00f3 nada en el tintero.<strong>\u00a0Leonardo, Andr\u00e9s<\/strong>\u00a0y\u00a0<strong>Lea<\/strong>\u00a0atravesaron a hombros la puerta grande de\u00a0<strong>Ronda<\/strong>, sin dejar atr\u00e1s la presencia del mayoral que tambi\u00e9n lo quisieron sacar en volandas. El rejoneo fue grande, pero grande fue tambi\u00e9n la corrida de<strong>\u00a0Boh\u00f3rquez,<\/strong>\u00a0quien dio la vuelta al ruedo. Ma\u00f1ana impecable de rejoneo en un escenario inmejorable.<\/p>\n<p style=\"text-align: justify;\"><strong>Lea<\/strong>\u00a0llen\u00f3 la plaza de elegancia y mostr\u00f3 un rejoneo muy bello. La nime\u00f1a exigi\u00f3 de salida con un recorte de muchos enteros ante un toro que sac\u00f3 muchos pies. L\u00e9a cuaj\u00f3 un tercio de banderillas al alza y dej\u00f3 para el recuerdo un impresionante quiebro en los medios. Siempre busc\u00f3 la reuni\u00f3n en los medios echando los pechos de sus cabalgaduras. L\u00e1stima que el descabello tras rej\u00f3n le dej\u00f3 todo una gran ovaci\u00f3n. L\u00e9a realiz\u00f3 suerte de alta doma como: El Tierra a Tierra, Piaffe, Galopar con la Grupa al Muro, La Parada\u2026y sac\u00f3 en el tercero a <strong><em>\u201cBach\u201d,\u201dB\u00e9tico\u201d, \u201cDiamante\u201d, \u201cDeseado\u201d<\/em><\/strong> y <strong>\u201cEspont\u00e1neo\u201d.<\/strong><\/p>\n<p style=\"text-align: justify;\">Faen\u00f3n de<strong>\u00a0Vicens<\/strong>\u00a0ante el bravo sexto. Dos rotundas orejas cort\u00f3 L\u00e9a tras imprimir una magn\u00edfica lidia de principio a fin. Lea construy\u00f3 una obra bell\u00edsima, plena de vistosidad y temple. Otra vez se adue\u00f1\u00f3 de la escena poniendo un rejoneo de alta escuela y elegancia. La francesa manifest\u00f3 su personalidad -raza y valor- para plasmar una importante faena. Busc\u00f3 -en los medios de la Maestranza- la reuni\u00f3n en corto, las batidas al pint\u00f3n contrario, ajuste, y la reuni\u00f3n arriba. Todo ante un bravo toro -como el quinto- que tuvo duraci\u00f3n y transmisi\u00f3n. Piaffe, Passage, de Cara al Muro, Apollos de costado, Adornos de grupa y mucha torer\u00eda ante el cierraplaza. Rejonazo y Puerta Grande. Mont\u00f3 a <em><strong>\u201cCleopatra\u201d, \u201cDiluvio\u201d, \u201cB\u00e9tico\u201d, \u201cFerm\u00edn<\/strong> y <strong>\u201cEspont\u00e1neo\u201d.<\/strong><\/em><\/p>\n<p style=\"text-align: center;\"><strong>FICHE DEL FESTEJO<\/strong><\/p>\n<p style=\"text-align: center;\">S\u00e1bado 4 de septiembre de 2021<\/p>\n<p style=\"text-align: center;\">Real Maestranza de Caballer\u00eda de\u00a0<strong style=\"font-style: inherit;\">Ronda <\/strong>(M\u00e1laga).<\/p>\n<p style=\"text-align: center;\">Primera de la Feria de Pedro Romero. Corrida de Rejones Goyesca.<\/p>\n<p style=\"text-align: center;\">Media entrada seg\u00fan el aforo permitido por motivos sanitarios.<\/p>\n<p style=\"text-align: center;\">Toros de<strong style=\"font-style: inherit;\">\u00a0Ferm\u00edn Boh\u00f3rquez,<\/strong>\u00a0ejemplares bravos y nobles, destacando sobre todo los tres \u00faltimos que fueron los que trajeron el triunfo.<\/p>\n<p style=\"text-align: center;\"><strong>Leonardo,<\/strong> Ovaci\u00f3n, Dos orejas.<\/p>\n<p style=\"text-align: center;\"><strong style=\"font-style: inherit;\">Andr\u00e9s Romero, <\/strong>Oreja, Dos orejas.<\/p>\n<p style=\"text-align: center;\"><strong style=\"font-style: inherit;\">L\u00e9a Vicens, <\/strong>Ovaci\u00f3n, Dos orejas.<\/p>\n<p><em><a href=\"https:\/\/www.mundotoro.com\/noticia\/recital-toreo-caballo-leonardo-andres-lea-ronda\/1590614\">Fuente: Mundotoro.com\u00a0<\/a><\/em><\/p>\n<p><em>Fotos: Arjona \/ Toromedia\u00a0<\/em><\/p>\n<p style=\"text-align: center;\">\n","protected":false},"excerpt":{"rendered":"<p style=\"text-align: center;\"><em><strong>\u201cL\u00e9a Vicens, una matinal impecable de rejoneo en Ronda\u201d<\/strong><\/em><\/p>\n<p style=\"text-align: justify;\">Matinal de alta escuela en la que ninguno de los participantes se dej\u00f3 nada en el tintero.<strong>\u00a0L&#8230;<\/p>\n","protected":false},"author":4,"featured_media":11903,"comment_status":"open","ping_status":"open","sticky":true,"template":"","format":"standard","meta":[],"categories":[1],"tags":[],"_links":{"self":[{"href":"https:\/\/leavicens.com\/fr_FR\/wp-json\/wp\/v2\/posts\/11902"}],"collection":[{"href":"https:\/\/leavicens.com\/fr_FR\/wp-json\/wp\/v2\/posts"}],"about":[{"href":"https:\/\/leavicens.com\/fr_FR\/wp-json\/wp\/v2\/types\/post"}],"author":[{"embeddable":true,"href":"https:\/\/leavicens.com\/fr_FR\/wp-json\/wp\/v2\/users\/4"}],"replies":[{"embeddable":true,"href":"https:\/\/leavicens.com\/fr_FR\/wp-json\/wp\/v2\/comments?post=11902"}],"version-history":[{"count":3,"href":"https:\/\/leavicens.com\/fr_FR\/wp-json\/wp\/v2\/posts\/11902\/revisions"}],"predecessor-version":[{"id":11908,"href":"https:\/\/leavicens.com\/fr_FR\/wp-json\/wp\/v2\/posts\/11902\/revisions\/11908"}],"wp:featuredmedia":[{"embeddable":true,"href":"https:\/\/leavicens.com\/fr_FR\/wp-json\/wp\/v2\/media\/11903"}],"wp:attachment":[{"href":"https:\/\/leavicens.com\/fr_FR\/wp-json\/wp\/v2\/media?parent=11902"}],"wp:term":[{"taxonomy":"category","embeddable":true,"href":"https:\/\/leavicens.com\/fr_FR\/wp-json\/wp\/v2\/categories?post=11902"},{"taxonomy":"post_tag","embeddable":true,"href":"https:\/\/leavicens.com\/fr_FR\/wp-json\/wp\/v2\/tags?post=11902"}],"curies":[{"name":"wp","href":"https:\/\/api.w.org\/{rel}","templated":true}]}}