{"id":11928,"date":"2021-09-19T08:35:49","date_gmt":"2021-09-19T06:35:49","guid":{"rendered":"https:\/\/leavicens.com\/?p=11928"},"modified":"2021-09-19T08:47:43","modified_gmt":"2021-09-19T06:47:43","slug":"lea-vicens-abrio-la-puerta-de-los-consules-en-nimes-tras-dos-explendidas-faenas","status":"publish","type":"post","link":"https:\/\/leavicens.com\/fr_FR\/lea-vicens-abrio-la-puerta-de-los-consules-en-nimes-tras-dos-explendidas-faenas\/","title":{"rendered":"L\u00c9A VICENS, \u00abPUERTA DE LOS CONSULES\u00bb EN NIMES, TRAS DOS EXPLENDIDAS FAENAS"},"content":{"rendered":"<p><a href=\"https:\/\/leavicens.com\/lvicens\/wp-content\/uploads\/2021\/09\/WhatsApp-Image-2021-09-18-at-12.56.41-1045x800-1.jpeg\"><img loading=\"lazy\" class=\"size-medium wp-image-11930 alignleft\" src=\"https:\/\/leavicens.com\/lvicens\/wp-content\/uploads\/2021\/09\/WhatsApp-Image-2021-09-18-at-12.56.41-1045x800-1-300x230.jpeg\" alt=\"\" width=\"300\" height=\"230\" srcset=\"https:\/\/leavicens.com\/lvicens\/wp-content\/uploads\/2021\/09\/WhatsApp-Image-2021-09-18-at-12.56.41-1045x800-1-300x230.jpeg 300w, https:\/\/leavicens.com\/lvicens\/wp-content\/uploads\/2021\/09\/WhatsApp-Image-2021-09-18-at-12.56.41-1045x800-1-600x459.jpeg 600w, https:\/\/leavicens.com\/lvicens\/wp-content\/uploads\/2021\/09\/WhatsApp-Image-2021-09-18-at-12.56.41-1045x800-1-1024x784.jpeg 1024w, https:\/\/leavicens.com\/lvicens\/wp-content\/uploads\/2021\/09\/WhatsApp-Image-2021-09-18-at-12.56.41-1045x800-1-768x588.jpeg 768w, https:\/\/leavicens.com\/lvicens\/wp-content\/uploads\/2021\/09\/WhatsApp-Image-2021-09-18-at-12.56.41-1045x800-1-916x701.jpeg 916w, https:\/\/leavicens.com\/lvicens\/wp-content\/uploads\/2021\/09\/WhatsApp-Image-2021-09-18-at-12.56.41-1045x800-1.jpeg 1045w\" sizes=\"(max-width: 300px) 100vw, 300px\" \/><\/a> <a href=\"https:\/\/leavicens.com\/lvicens\/wp-content\/uploads\/2021\/09\/WhatsApp-Image-2021-09-18-at-12.56.39-1200x800-1.jpeg\"><img loading=\"lazy\" class=\"size-medium wp-image-11931 alignright\" src=\"https:\/\/leavicens.com\/lvicens\/wp-content\/uploads\/2021\/09\/WhatsApp-Image-2021-09-18-at-12.56.39-1200x800-1-300x200.jpeg\" alt=\"\" width=\"300\" height=\"200\" srcset=\"https:\/\/leavicens.com\/lvicens\/wp-content\/uploads\/2021\/09\/WhatsApp-Image-2021-09-18-at-12.56.39-1200x800-1-300x200.jpeg 300w, https:\/\/leavicens.com\/lvicens\/wp-content\/uploads\/2021\/09\/WhatsApp-Image-2021-09-18-at-12.56.39-1200x800-1-600x400.jpeg 600w, https:\/\/leavicens.com\/lvicens\/wp-content\/uploads\/2021\/09\/WhatsApp-Image-2021-09-18-at-12.56.39-1200x800-1-1024x683.jpeg 1024w, https:\/\/leavicens.com\/lvicens\/wp-content\/uploads\/2021\/09\/WhatsApp-Image-2021-09-18-at-12.56.39-1200x800-1-768x512.jpeg 768w, https:\/\/leavicens.com\/lvicens\/wp-content\/uploads\/2021\/09\/WhatsApp-Image-2021-09-18-at-12.56.39-1200x800-1-916x611.jpeg 916w, https:\/\/leavicens.com\/lvicens\/wp-content\/uploads\/2021\/09\/WhatsApp-Image-2021-09-18-at-12.56.39-1200x800-1-468x314.jpeg 468w, https:\/\/leavicens.com\/lvicens\/wp-content\/uploads\/2021\/09\/WhatsApp-Image-2021-09-18-at-12.56.39-1200x800-1-702x471.jpeg 702w, https:\/\/leavicens.com\/lvicens\/wp-content\/uploads\/2021\/09\/WhatsApp-Image-2021-09-18-at-12.56.39-1200x800-1-120x80.jpeg 120w, https:\/\/leavicens.com\/lvicens\/wp-content\/uploads\/2021\/09\/WhatsApp-Image-2021-09-18-at-12.56.39-1200x800-1.jpeg 1200w\" sizes=\"(max-width: 300px) 100vw, 300px\" \/><\/a><\/p>\n<p>&nbsp;<\/p>\n<p>&nbsp;<\/p>\n<p>&nbsp;<\/p>\n<p>&nbsp;<\/p>\n<p>&nbsp;<\/p>\n<p>&nbsp;<\/p>\n<p>&nbsp;<\/p>\n<p style=\"text-align: center;\"><strong><em>\u00abL\u00e9a Vivens se crece en Nimes\u00bb<\/em><\/strong><\/p>\n<p><a href=\"https:\/\/www.mundotoro.com\/noticia\/lea-vicens-al-detalle-en-la-matinal-de-la-feria-de-la-vendimia-directo-nimes\/1594096\">Fuente: Mundotoro.com\u00a0<\/a><\/p>\n<p style=\"text-align: justify;\">Recital de rejoneo en el<strong>\u00a0Coliseo Romano de Nimes<\/strong>, junto a un gran encierro de\u00a0<strong>Ferm\u00edn Boh\u00f3rquez.<\/strong><strong> Leonardo Hern\u00e1ndez\u00a0<\/strong>y<strong>\u00a0L\u00e9a Vicens<\/strong>\u00a0salen a hombros tras cortar tres orejas respectivamente.<\/p>\n<p style=\"text-align: justify;\"><strong>L\u00e9a Vicens<\/strong> se mostr\u00f3 a un gran nivel, tore\u00f3 tirando de doma cl\u00e1sica, y dej\u00f3 los palos con gran precisi\u00f3n, el p\u00fablico reconoci\u00f3 su buena actuaci\u00f3n.<\/p>\n<p style=\"text-align: justify;\"><strong>L\u00e9<\/strong><strong>a Vicens<\/strong>\u00a0se mostr\u00f3 a muy buen nivel en su casa de <strong>Nimes.<\/strong> Su primer oponente tuvo buen galope y la amazona lo rejoneo con br\u00edo y precisi\u00f3n especialmente con su caballo <strong><em>Diluvio. <\/em><\/strong>Su labor fue premiada con un trofeo.<\/p>\n<p style=\"text-align: justify;\">El cierre plaza se entreg\u00f3 poco pero<strong>\u00a0<\/strong><strong>L\u00e9a<\/strong>\u00a0supo convencerlo tanto al toro como al p\u00fablico. Y lo hizo de manera magistral con una doma cl\u00e1sica y segura sobre todo con su caballo estrella <strong><em>B\u00e9tico.<\/em><\/strong> Sus esfuerzos no fueran en vano ya que el p\u00fablico lo reconoci\u00f3 y la premio con el doble trofeo sin\u00f3nimo de <strong>Puerta de los<\/strong> <strong>C\u00f3nsules.<\/strong><\/p>\n<p>&nbsp;<\/p>\n<p><a href=\"https:\/\/cultoro.es\/2021\/9\/18\/noticias\/avance-nimes-rejones-final-45310\/\">Fuente: Cultoro.es<\/a><\/p>\n<p style=\"text-align: center;\"><em><strong>\u00abLeonardo embiste y L\u00e9a ataca con temple: el toreo de cercan\u00edas y la belleza del toque sutil se llevan la ma\u00f1ana\u00bb<\/strong><\/em><\/p>\n<p style=\"text-align: justify;\"><strong>L\u00e9a<\/strong> que cre\u00f3 dos obras bellas pero distintas: de los toques sutiles y templados ante su buen primero pas\u00f3 a un toreo de ataque sobre <em><strong>B\u00e9tico<\/strong> <\/em>y <em><strong>Diamante<\/strong> <\/em>ante un complejo sexto.<\/p>\n<p style=\"text-align: justify;\"><strong><em>Los toques y movimientos sutiles, claves para que el tercero rompiese: L\u00e9a le pasea una oreja con fuerte petici\u00f3n de dos<\/em><\/strong><\/p>\n<p style=\"text-align: justify;\">N\u00famero 11, de 520 kilos, de marzo de 2017 y negro de capa era el tercero de la corrida, un animal que <strong>L\u00e9a<\/strong> brind\u00f3 a <strong>Mar\u00eda Sara,<\/strong> que fue condecorada tras el pase\u00edllo con la medalla de la ciudad por su aniversario de alternativa. Fr\u00edo de salida el de <strong>Boh\u00f3rquez<\/strong>, se calent\u00f3 tras el \u00fanico rej\u00f3n de castigo que le puso la amazona. Con suavidad y temple fue el inicio de faena, realizando todas y cada una de las acciones ante el astado con ese denominador com\u00fan de los toques sutiles, lo que fue clave para que \u00e9ste rompiese. A lomos de <strong><em>Diamante<\/em> <\/strong>tir\u00f3 de entrega en la segunda parte de la faena, clavando finalmente cortas con conexi\u00f3n. Muy certera anduvo <strong>Vicens<\/strong> con los aceros, dejando el rej\u00f3n de muerte en buen sitio y paseando oreja con fuerte petici\u00f3n de la segunda.<\/p>\n<p style=\"text-align: justify;\"><strong><em>L\u00e9a, bella faena sobre B\u00e9tico y Diamante para desorejar al nada entregado sexto<\/em><\/strong><\/p>\n<p style=\"text-align: justify;\">El sexto, para<strong> L\u00e9a,<\/strong> pesaba 542 kilos, n\u00famero 122, le costaba mucho fijarse en el caballo de salida y tampoco se entreg\u00f3 tras el \u00fanico rej\u00f3n. Construy\u00f3 su faena atacando al animal siempre a lomos de <em><strong>B\u00e9tico<\/strong><\/em>. Con las banderillas cortas sobre<strong> Diamante<\/strong> dej\u00f3 una obra de oficio. Mat\u00f3 de forma certera y le pase\u00f3 dos orejas.<\/p>\n<p>&nbsp;<\/p>\n<p style=\"text-align: center;\"><strong><em>FICHA DEL FESTEJO<\/em><\/strong><\/p>\n<p style=\"text-align: center;\"><strong>Coliseo Romano de\u00a0Nimes<\/strong> (Francia).<\/p>\n<p style=\"text-align: center;\">Corrida matinal de rejones de la <strong>Feria de la Vendimia.<\/strong><\/p>\n<p style=\"text-align: center;\"><strong>Entrada:<\/strong> Un cuarto de entrada sobre el aforo permitido. Unas 4.000 personas en los tendidos.<\/p>\n<p style=\"text-align: center;\">Toros de\u00a0<strong>Ferm\u00edn Boh\u00f3rquez, <\/strong>bien presentados y de gran juego.<\/p>\n<p style=\"text-align: center;\"><strong>Leonardo,<\/strong>\u00a0oreja y dos orejas.<\/p>\n<p style=\"text-align: center;\"><strong>Francisco Palha,<\/strong>\u00a0que confirmaba su alternativa, ovaci\u00f3n y palmas.<\/p>\n<p style=\"text-align: center;\"><strong>L\u00e9a Vicens,<\/strong>\u00a0oreja y dos orejas.<\/p>\n<p style=\"text-align: center;\"><strong>Incidentes:<\/strong> Al finalizar el pase\u00edllo,\u00a0<strong>Jean-Paul Fournier<\/strong>,\u00a0alcalde de\u00a0<strong>Nimes,<\/strong> entreg\u00f3 la medalla de la ciudad a\u00a0<strong>Mar\u00eda Sara\u00a0<\/strong>en conmemoraci\u00f3n de sus 30 a\u00f1os de alternativa en el <strong>Coliseo.<\/strong><\/p>\n","protected":false},"excerpt":{"rendered":"<p><a href=\"https:\/\/leavicens.com\/lvicens\/wp-content\/uploads\/2021\/09\/WhatsApp-Image-2021-09-18-at-12.56.41-1045x800-1.jpeg\"><img class=\"size-medium wp-image-11930 alignleft\" src=\"https:\/\/leavicens.com\/lvicens\/wp-content\/uploads\/2021\/09\/WhatsApp-Image-20...\n<\/p>\n","protected":false},"author":4,"featured_media":11929,"comment_status":"open","ping_status":"open","sticky":true,"template":"","format":"standard","meta":[],"categories":[20,1],"tags":[],"_links":{"self":[{"href":"https:\/\/leavicens.com\/fr_FR\/wp-json\/wp\/v2\/posts\/11928"}],"collection":[{"href":"https:\/\/leavicens.com\/fr_FR\/wp-json\/wp\/v2\/posts"}],"about":[{"href":"https:\/\/leavicens.com\/fr_FR\/wp-json\/wp\/v2\/types\/post"}],"author":[{"embeddable":true,"href":"https:\/\/leavicens.com\/fr_FR\/wp-json\/wp\/v2\/users\/4"}],"replies":[{"embeddable":true,"href":"https:\/\/leavicens.com\/fr_FR\/wp-json\/wp\/v2\/comments?post=11928"}],"version-history":[{"count":5,"href":"https:\/\/leavicens.com\/fr_FR\/wp-json\/wp\/v2\/posts\/11928\/revisions"}],"predecessor-version":[{"id":11936,"href":"https:\/\/leavicens.com\/fr_FR\/wp-json\/wp\/v2\/posts\/11928\/revisions\/11936"}],"wp:featuredmedia":[{"embeddable":true,"href":"https:\/\/leavicens.com\/fr_FR\/wp-json\/wp\/v2\/media\/11929"}],"wp:attachment":[{"href":"https:\/\/leavicens.com\/fr_FR\/wp-json\/wp\/v2\/media?parent=11928"}],"wp:term":[{"taxonomy":"category","embeddable":true,"href":"https:\/\/leavicens.com\/fr_FR\/wp-json\/wp\/v2\/categories?post=11928"},{"taxonomy":"post_tag","embeddable":true,"href":"https:\/\/leavicens.com\/fr_FR\/wp-json\/wp\/v2\/tags?post=11928"}],"curies":[{"name":"wp","href":"https:\/\/api.w.org\/{rel}","templated":true}]}}