{"id":1216,"date":"2016-06-04T22:25:13","date_gmt":"2016-06-04T20:25:13","guid":{"rendered":"http:\/\/leavicens.com\/?p=1216"},"modified":"2016-06-16T03:18:35","modified_gmt":"2016-06-16T01:18:35","slug":"lea-vicens-confirma-en-madrid-con-vuelta-al-ruedo-y-oreja-con-enorme-peticion-de-segunda","status":"publish","type":"post","link":"https:\/\/leavicens.com\/fr_FR\/lea-vicens-confirma-en-madrid-con-vuelta-al-ruedo-y-oreja-con-enorme-peticion-de-segunda\/","title":{"rendered":"CONFIRMACI\u00d3N EN MADRID. VUELTA TRAS PETICI\u00d3N Y OREJA CON PETICI\u00d3N DE SEGUNDA"},"content":{"rendered":"<p style=\"text-align: center;\"><a href=\"http:\/\/leavicens.com\/lvicens\/wp-content\/uploads\/2016\/06\/3-1.jpg\"><img loading=\"lazy\" class=\"alignnone size-medium wp-image-1215\" src=\"http:\/\/leavicens.com\/lvicens\/wp-content\/uploads\/2016\/06\/3-1-239x300.jpg\" alt=\"3\" width=\"239\" height=\"300\" \/><\/a><a href=\"http:\/\/leavicens.com\/lvicens\/wp-content\/uploads\/2016\/06\/2-1.jpg\"><img loading=\"lazy\" class=\"alignnone size-medium wp-image-1214\" src=\"http:\/\/leavicens.com\/lvicens\/wp-content\/uploads\/2016\/06\/2-1-200x300.jpg\" alt=\"2\" width=\"200\" height=\"300\" \/><\/a><a href=\"http:\/\/leavicens.com\/lvicens\/wp-content\/uploads\/2016\/06\/1-2.jpg\"><img loading=\"lazy\" class=\"alignnone size-medium wp-image-1222\" src=\"http:\/\/leavicens.com\/lvicens\/wp-content\/uploads\/2016\/06\/1-2-300x202.jpg\" alt=\"1\" width=\"300\" height=\"202\" \/><\/a><\/p>\n<p style=\"text-align: justify; line-height: 18.0pt;\"><strong>\u00abImportant\u00edsima confirmaci\u00f3n de L\u00e9a en Madrid. Tarde inolvidable de Vicens en Las Ventas\u00bb<\/strong><\/p>\n<p style=\"text-align: start; line-height: 18.0pt; orphans: auto; widows: 1; -webkit-text-stroke-width: 0px; word-spacing: 0px;\"><strong>Mundotoro\u00a0<\/strong><\/p>\n<p style=\"text-align: start; line-height: 18.0pt; orphans: auto; widows: 1; -webkit-text-stroke-width: 0px; word-spacing: 0px;\">\u00abAbri\u00f3 plaza un buen toro de<strong>\u00a0Ferm\u00edn Boh\u00f3rquez<\/strong>\u00a0al que\u00a0<strong>Lea Vicens<\/strong>\u00a0tore\u00f3 con mucho temple en una labor ligada y en la que hubo buena lidia. Aunque hubo alg\u00fan desajuste al clavar, los mejores momentos llegaron con B\u00e9tico en una labor que remat\u00f3 de rej\u00f3n trasero. Hubo petici\u00f3n de oreja pero el presidente opt\u00f3 por no concederla. Y\u00a0<strong>Lea<\/strong>\u00a0dio una vuelta al ruedo.<\/p>\n<p style=\"text-align: start; line-height: 18.0pt; orphans: auto; widows: 1; -webkit-text-stroke-width: 0px; word-spacing: 0px;\">Important\u00edsima tambi\u00e9n fue la actuaci\u00f3n de\u00a0<strong>Lea Vicens<\/strong>\u00a0frente al sexto, un toro manso y aplomado frente al que se invent\u00f3 una faena que nadie intu\u00eda. Se impuso frente al manso en una labor de esfuerzo para la que el p\u00fablico le pidi\u00f3 con mucha fuerza las dos orejas, aunque el palco se cerr\u00f3 en banda neg\u00e1ndole la segunda. A\u00fan as\u00ed la tarde de<span class=\"apple-converted-space\">\u00a0<\/span><strong><u>su debut en Madrid fue\u00a0muy importante, aunque el presidente le impidi\u00f3 hacer historia, porque hubiera sido la primera rejoneadora en abrir la puerta grande de Las Ventas.<\/u><\/strong><span class=\"apple-converted-space\">\u00a0<\/span>Tiempo tendr\u00e1\u00bb.<\/p>\n<p style=\"text-align: start; line-height: 18.0pt; orphans: auto; widows: 1; -webkit-text-stroke-width: 0px; word-spacing: 0px;\"><strong>Cultoro<\/strong><\/p>\n<p style=\"text-align: start; line-height: 18.0pt; orphans: auto; widows: 1; -webkit-text-stroke-width: 0px; word-spacing: 0px;\">\u00abEmotiva fue la confirmaci\u00f3n de alternativa de<span class=\"apple-converted-space\">\u00a0<\/span><strong>L\u00e9a Vicens<\/strong><span class=\"apple-converted-space\">\u00a0<\/span>antes de la salida del primer toro de Ferm\u00edn Boh\u00f3rquez. Con tranquilidad inici\u00f3 faena, sin que la atosigaran los nervios a lomos de B\u00e9tico. Un segundo par desde las mismas tablas al centro del ruedo no le sali\u00f3 bien. Temple y buen tranco mostr\u00f3 el de Boh\u00f3rquez, herrado con el n\u00famero 58 el negro bragado. Con el lusitano Desaf\u00edo, del hierro de Arsenio Cordero, prosigui\u00f3 su trasteo la francesa para entrar ahora m\u00e1s en corto y en el centro del anillo, clavando en todo lo alto el palo. Con Espont\u00e1neo enterr\u00f3 el acero a la primera, cayendo el de Boh\u00f3rquez de forma ipsofacta.<span class=\"apple-converted-space\">\u00a0<\/span><strong><u>Muy bien Lea ante su astado que mereci\u00f3 la oreja que le negaron.<\/u><\/strong><span class=\"apple-converted-space\">\u00a0<\/span>Vuelta al ruedo.<\/p>\n<p style=\"text-align: start; line-height: 18.0pt; orphans: auto; widows: 1; -webkit-text-stroke-width: 0px; word-spacing: 0px;\">Muy en Murube era el sexto, que sali\u00f3 apretando a Francisco Alarc\u00f3n en el burladero. Fue un manso de libro que levant\u00f3 la ira del tendido. Se le debieron dar varios capotazos de salida por los subalternos, pero tras sentir el hierro del rej\u00f3n de castigo, el jaco pareci\u00f3 ir al centro del anillo, algo que no consigui\u00f3 nada m\u00e1s que por algunos segundos. Con Gacela prosigui\u00f3 entre los pitos del tendido al de Boh\u00f3rquez, dejando un buen quiebro. Poco despu\u00e9s, montando a Bazuca, dej\u00f3 un desplante que gust\u00f3 al tendido. Poco a poco fue metiendo al animal en el canasto, olvid\u00e1ndose de todos los condicionantes del p\u00fablico que estaba m\u00e1s pendiente de la presidencia y de los subalternos.<span class=\"apple-converted-space\">\u00a0<\/span><strong><u>Solvent\u00f3 con mucha raza y buen oficio todas las adversidades ante el sexto. Fenomenal fue el rejonazo final, que proporcion\u00f3 una oreja de gran consistencia\u00bb.<\/u><\/strong><span class=\"apple-converted-space\"><b>\u00a0<\/b><\/span><strong>\u00a0<\/strong><\/p>\n<p style=\"text-align: start; line-height: 18.0pt; orphans: auto; widows: 1; -webkit-text-stroke-width: 0px; word-spacing: 0px;\"><strong>Aplausos<\/strong><\/p>\n<p style=\"text-align: start; line-height: 18.0pt; orphans: auto; widows: 1; -webkit-text-stroke-width: 0px; word-spacing: 0px;\">\u00abUn trofeo pase\u00f3<span class=\"apple-converted-space\">\u00a0<\/span><strong>Lea Vicens<\/strong><span class=\"apple-converted-space\">\u00a0<\/span>en la tarde de su confirmaci\u00f3n. Fue en el \u00faltimo de la tarde y ante un toro manso.<span class=\"apple-converted-space\">\u00a0<\/span><strong><u>Faena de querer, de mucha entrega. No se lo puso f\u00e1cil el toro.<\/u><\/strong><span class=\"apple-converted-space\">\u00a0<\/span>Fue determinante el rej\u00f3n de muerte, que fue fulminante en los medios de la plaza.<\/p>\n<p style=\"text-align: start; line-height: 18.0pt; orphans: auto; widows: 1; -webkit-text-stroke-width: 0px; word-spacing: 0px;\">Otra oreja pudo cortar en el primero, un toro que tuvo ritmo y buen son, condiciones que supo aprovechar<span class=\"apple-converted-space\">\u00a0<\/span><strong>Lea Vicens<\/strong><span class=\"apple-converted-space\">\u00a0<\/span><strong><u>en una faena con argumento que destac\u00f3 por su ligaz\u00f3n e intensidad.<\/u><\/strong><span class=\"apple-converted-space\">\u00a0<\/span>M\u00e1s desiguales fueron los embroques, que no siempre fueron lucidos. Se gust\u00f3 toreando con B\u00e9tico y Desaf\u00edo. Mat\u00f3 de medio rej\u00f3n trasero. Se le pidi\u00f3 la oreja pero no la concedi\u00f3 el presidente. Dio una vuelta al ruedo\u00bb.<\/p>\n<p style=\"text-align: start; line-height: 18.0pt; orphans: auto; widows: 1; -webkit-text-stroke-width: 0px; word-spacing: 0px;\"><strong>Burladero<\/strong><\/p>\n<p style=\"text-align: start; line-height: 18.0pt; orphans: auto; widows: 1; -webkit-text-stroke-width: 0px; word-spacing: 0px;\"><strong>1\u00ba Lea Vicens<\/strong>\u00a0recibi\u00f3 al toro de su confirmaci\u00f3n a lomos de Bach, clavando un rej\u00f3n de castigo con habilidad. Comenz\u00f3 el tercio de banderillas sobre B\u00e9tico,<span class=\"apple-converted-space\">\u00a0<\/span><strong><u>toreando serena y elegantemente<\/u><\/strong>. Noble y colaborador el primero de Boh\u00f3rquez. Rejonazo. Petici\u00f3n que el presidente no concede y vuelta al ruedo para la francesa.<\/p>\n<p style=\"text-align: start; line-height: 18.0pt; orphans: auto; widows: 1; -webkit-text-stroke-width: 0px; word-spacing: 0px;\"><strong>6\u00ba Lea Vicens<\/strong><span class=\"apple-converted-space\">\u00a0<\/span>recibi\u00f3 al que cerraba plaza con problemas a la hora de clavar el rej\u00f3n de castigo por la condici\u00f3n mansa y huidiza del de Boh\u00f3rquez. Imposible tercio de banderillas que comenz\u00f3 sobre Gacela, ya que el toro rehu\u00eda en todo momento al caballo. Protest\u00f3 Las Ventas al palco, pero el toro estaba en perfectas condiciones f\u00edsicas; \u00fanicamente era manso.<span class=\"apple-converted-space\">\u00a0<\/span><strong><u>Dura papeleta para la rejoneadora francesa, que tuvo que hacer frente a un toro con nulas posibilidades de triunfo. Rejonazo fulminante y un\u00e1nime petici\u00f3n de oreja para la meritoria faena de la francesa.<\/u><\/strong><span class=\"apple-converted-space\">\u00a0<\/span>Oreja con petici\u00f3n de la segunda.<\/p>\n<p style=\"text-align: justify; line-height: 18.0pt;\"><strong>\u00a0<\/strong><\/p>\n<p style=\"text-align: justify; line-height: 18.0pt;\"><strong>Foto de Portada: Juli\u00e1n L\u00f3pez<\/strong><\/p>\n","protected":false},"excerpt":{"rendered":"<p>\u00abImportant\u00edsima confirmaci\u00f3n de L\u00e9a en Madrid. Tarde inolvidable de Vicens en Las Ventas\u00bb Mundotoro\u00a0 \u00abAbri\u00f3 plaza un buen toro de\u00a0Ferm\u00edn&#8230;<\/p>\n","protected":false},"author":4,"featured_media":1236,"comment_status":"open","ping_status":"open","sticky":true,"template":"","format":"standard","meta":[],"categories":[20,1],"tags":[],"_links":{"self":[{"href":"https:\/\/leavicens.com\/fr_FR\/wp-json\/wp\/v2\/posts\/1216"}],"collection":[{"href":"https:\/\/leavicens.com\/fr_FR\/wp-json\/wp\/v2\/posts"}],"about":[{"href":"https:\/\/leavicens.com\/fr_FR\/wp-json\/wp\/v2\/types\/post"}],"author":[{"embeddable":true,"href":"https:\/\/leavicens.com\/fr_FR\/wp-json\/wp\/v2\/users\/4"}],"replies":[{"embeddable":true,"href":"https:\/\/leavicens.com\/fr_FR\/wp-json\/wp\/v2\/comments?post=1216"}],"version-history":[{"count":8,"href":"https:\/\/leavicens.com\/fr_FR\/wp-json\/wp\/v2\/posts\/1216\/revisions"}],"predecessor-version":[{"id":1269,"href":"https:\/\/leavicens.com\/fr_FR\/wp-json\/wp\/v2\/posts\/1216\/revisions\/1269"}],"wp:featuredmedia":[{"embeddable":true,"href":"https:\/\/leavicens.com\/fr_FR\/wp-json\/wp\/v2\/media\/1236"}],"wp:attachment":[{"href":"https:\/\/leavicens.com\/fr_FR\/wp-json\/wp\/v2\/media?parent=1216"}],"wp:term":[{"taxonomy":"category","embeddable":true,"href":"https:\/\/leavicens.com\/fr_FR\/wp-json\/wp\/v2\/categories?post=1216"},{"taxonomy":"post_tag","embeddable":true,"href":"https:\/\/leavicens.com\/fr_FR\/wp-json\/wp\/v2\/tags?post=1216"}],"curies":[{"name":"wp","href":"https:\/\/api.w.org\/{rel}","templated":true}]}}