{"id":12385,"date":"2022-06-10T12:30:51","date_gmt":"2022-06-10T10:30:51","guid":{"rendered":"https:\/\/leavicens.com\/?p=12385"},"modified":"2022-06-10T12:31:13","modified_gmt":"2022-06-10T10:31:13","slug":"lea-recibe-el-premio-a-mejor-rejoneador-de-la-feria-colombinas-2021","status":"publish","type":"post","link":"https:\/\/leavicens.com\/fr_FR\/lea-recibe-el-premio-a-mejor-rejoneador-de-la-feria-colombinas-2021\/","title":{"rendered":"Lea recibe el premio a mejor rejoneador de la Feria Colombinas 2021"},"content":{"rendered":"<p>En la jornada de ayer, tarde noche, se citaban en la Fundaci\u00f3n Caja Rural del Sur los triunfadores de la pasada Feria Colombinas 2021 para recoger los premios \u201cEl Cabezo\u201d en su XXVIII edici\u00f3n organizados por El Corte Ingl\u00e9s y Huelva Informaci\u00f3n, en la que Lea Vicens consigui\u00f3 hacerse por segundo a\u00f1o consecutivo con el premio a Triunfador de la corrida de rejones.<\/p>\n<p><a href=\"https:\/\/leavicens.com\/lvicens\/wp-content\/uploads\/2022\/06\/WhatsApp-Image-2022-06-10-at-12.28.41-PM.jpeg\"><img loading=\"lazy\" class=\"size-medium wp-image-12389 aligncenter\" src=\"https:\/\/leavicens.com\/lvicens\/wp-content\/uploads\/2022\/06\/WhatsApp-Image-2022-06-10-at-12.28.41-PM-223x300.jpeg\" alt=\"\" width=\"223\" height=\"300\" srcset=\"https:\/\/leavicens.com\/lvicens\/wp-content\/uploads\/2022\/06\/WhatsApp-Image-2022-06-10-at-12.28.41-PM-223x300.jpeg 223w, https:\/\/leavicens.com\/lvicens\/wp-content\/uploads\/2022\/06\/WhatsApp-Image-2022-06-10-at-12.28.41-PM-763x1024.jpeg 763w, https:\/\/leavicens.com\/lvicens\/wp-content\/uploads\/2022\/06\/WhatsApp-Image-2022-06-10-at-12.28.41-PM-768x1031.jpeg 768w, https:\/\/leavicens.com\/lvicens\/wp-content\/uploads\/2022\/06\/WhatsApp-Image-2022-06-10-at-12.28.41-PM-1144x1536.jpeg 1144w, https:\/\/leavicens.com\/lvicens\/wp-content\/uploads\/2022\/06\/WhatsApp-Image-2022-06-10-at-12.28.41-PM-916x1230.jpeg 916w, https:\/\/leavicens.com\/lvicens\/wp-content\/uploads\/2022\/06\/WhatsApp-Image-2022-06-10-at-12.28.41-PM-300x403.jpeg 300w, https:\/\/leavicens.com\/lvicens\/wp-content\/uploads\/2022\/06\/WhatsApp-Image-2022-06-10-at-12.28.41-PM.jpeg 1525w\" sizes=\"(max-width: 223px) 100vw, 223px\" \/><\/a><\/p>\n<p>Un premio de mayor grado si cabe, dado que el cartel de la tarde correspondiente no lo compon\u00edan tres, sino seis rejoneadores, por lo que la variedad en la terna fue a\u00fan mayor y las posibilidades se reduc\u00edan a un \u00fanico toro.<\/p>\n<p>Aquel 1 de agosto, Lea recibi\u00f3 a un bravo y exigente quinto astado. Con volumen. La rejoneadora francesa sali\u00f3 al ruedo al comp\u00e1s de palmas por Huelva, not\u00e1ndose en los tendidos el cari\u00f1o y afecto que la ciudad choquera le tiene. Por su parte, Lea realiz\u00f3 una faena muy centrada, echando el caballo encima y aguantando en todo momento al toro. Clav\u00f3 siempre arriba y finaliz\u00f3 su actuaci\u00f3n con un solo rej\u00f3n de muerte. La plaza se puso en pie tras el alboroto que form\u00f3 Lea Vicens.<\/p>\n<p>Y, en base a esto, as\u00ed lo decidi\u00f3 el jurado, siendo su segundo premio consecutivo en sus dos participaciones en la Feria Colombinas.<\/p>\n<p>Un trofeo que, a pesar de la imposibilidad de poder recogerlo personalmente, no quiso dejar pasar la oportunidad para dejar un mensaje de agradecimiento por el mismo:<\/p>\n<p>\u00abAgradezco enormemente este segundo premio consecutivo de triunfadora de Huelva. Siempre que toreo en esta plaza, en esta ciudad, tiene un significado especial. Espero poder disfrutar otro a\u00f1o de esta tierra que ya considero m\u00eda por vivir en ella y volver a la plaza de La Merced donde tanto cari\u00f1o y afecto me han volcado desde sus tendidos\u00bb.<\/p>\n<p>&nbsp;<\/p>\n","protected":false},"excerpt":{"rendered":"<p>En la jornada de ayer, tarde noche, se citaban en la Fundaci\u00f3n Caja Rural del Sur los triunfadores de la&#8230;<\/p>\n","protected":false},"author":23,"featured_media":12387,"comment_status":"open","ping_status":"open","sticky":true,"template":"","format":"standard","meta":[],"categories":[20],"tags":[],"_links":{"self":[{"href":"https:\/\/leavicens.com\/fr_FR\/wp-json\/wp\/v2\/posts\/12385"}],"collection":[{"href":"https:\/\/leavicens.com\/fr_FR\/wp-json\/wp\/v2\/posts"}],"about":[{"href":"https:\/\/leavicens.com\/fr_FR\/wp-json\/wp\/v2\/types\/post"}],"author":[{"embeddable":true,"href":"https:\/\/leavicens.com\/fr_FR\/wp-json\/wp\/v2\/users\/23"}],"replies":[{"embeddable":true,"href":"https:\/\/leavicens.com\/fr_FR\/wp-json\/wp\/v2\/comments?post=12385"}],"version-history":[{"count":1,"href":"https:\/\/leavicens.com\/fr_FR\/wp-json\/wp\/v2\/posts\/12385\/revisions"}],"predecessor-version":[{"id":12390,"href":"https:\/\/leavicens.com\/fr_FR\/wp-json\/wp\/v2\/posts\/12385\/revisions\/12390"}],"wp:featuredmedia":[{"embeddable":true,"href":"https:\/\/leavicens.com\/fr_FR\/wp-json\/wp\/v2\/media\/12387"}],"wp:attachment":[{"href":"https:\/\/leavicens.com\/fr_FR\/wp-json\/wp\/v2\/media?parent=12385"}],"wp:term":[{"taxonomy":"category","embeddable":true,"href":"https:\/\/leavicens.com\/fr_FR\/wp-json\/wp\/v2\/categories?post=12385"},{"taxonomy":"post_tag","embeddable":true,"href":"https:\/\/leavicens.com\/fr_FR\/wp-json\/wp\/v2\/tags?post=12385"}],"curies":[{"name":"wp","href":"https:\/\/api.w.org\/{rel}","templated":true}]}}