{"id":12520,"date":"2022-08-13T14:46:52","date_gmt":"2022-08-13T12:46:52","guid":{"rendered":"https:\/\/leavicens.com\/?p=12520"},"modified":"2022-08-13T14:51:58","modified_gmt":"2022-08-13T12:51:58","slug":"tarde-de-clase-y-entrega-de-lea-que-pierde-los-trofeos-con-los-aceros","status":"publish","type":"post","link":"https:\/\/leavicens.com\/fr_FR\/tarde-de-clase-y-entrega-de-lea-que-pierde-los-trofeos-con-los-aceros\/","title":{"rendered":"Tarde de clase y entrega de L\u00e9a que pierde los trofeos con los aceros"},"content":{"rendered":"<p class=\"entry-title\"><strong>La firmeza de Vicens <\/strong><strong>en el inicio de Feria de B\u00e9ziers<br \/>\n<\/strong><\/p>\n<p><em>L\u00e9a Vicens, faena de oficio al complicado primero de Boh\u00f3rquez<\/em><\/p>\n<p>El primero de Ferm\u00edn Boh\u00f3rquez, \u201cMalvado\u201d, n\u00famero 72, nacido en diciembre de 2017, negro bragado, fue un animal que se mostr\u00f3 complicado y distra\u00eddo de salida, y luego muy parado en el inicio de la faena. Conserv\u00f3 su querencia a toriles durante la mayor\u00eda de la lidia. Con Diluvio, Vicens realiz\u00f3 los mejores momentos ante este toro tardo y dif\u00edcil, en una obra de m\u00e1s oficio que de lucimiento. Le dej\u00f3 tres banderillas cortas ante el complejo animal, dejando un rej\u00f3n en el primer encuentro, requiriendo dos golpes de verduguillo. Silencio.<\/p>\n<p><em>Ovacionada L\u00e9a Vicens, que es volteada al intentar descabellar al cuarto<\/em><\/p>\n<p>El cuarto, para Lea Vicens, fue un toro de Ferm\u00edn Boh\u00f3rquez negro bragado que ten\u00eda un buen galope de salida y la rejoneadora dej\u00f3 dos rejones de castigo en buen sitio. Con B\u00e9tico inici\u00f3 la faena frente a un animal que baj\u00f3 de tono r\u00e1pidamente durante la obra y perdi\u00f3 su recorrido. Sell\u00f3 pares de m\u00e9rito con ese caballo, y cuando tom\u00f3 a Deseado, el toro se raj\u00f3. Dej\u00f3 un rej\u00f3n de efecto lento y perdi\u00f3 premio con el descabello, donde sufri\u00f3 una fea voltereta. Ovaci\u00f3n.<\/p>\n<p style=\"text-align: right;\"><em><strong>Cultoro<\/strong><\/em><\/p>\n<p>&nbsp;<\/p>\n<p class=\"jeg_post_title\"><strong>Roca Rey y L\u00e9a Vicens, a pesar de los aceros en el inicio de Beziers<\/strong><\/p>\n<p><em>Por su parte, el fallo con el verduguillo neg\u00f3 a <strong>L\u00e9a Vicens <\/strong>la posibilidad de no irse de vac\u00edo como mereci\u00f3 sus dos serias y maduras actuaciones<\/em><\/p>\n<p>Abri\u00f3 plaza un astado de <strong>Boh\u00f3rquez<\/strong> que sac\u00f3 complicaciones por marcar su querencia hacia las tablas. <strong>L\u00e9a<\/strong> consigui\u00f3, con una doma precisa, rejonearlo con gusto. Tuvo que recurrir al descabello lo que enfri\u00f3 a la gente a la hora de pedir trofeo. Palmas.<\/p>\n<p><strong>L\u00e9a Vicens<\/strong> volvi\u00f3 a demostrar con el cuarto, otro animal complejo y aquerenciado en tablas, que se encuentra en su mejor momento. Su labor fue precisa y de alto voltaje ecuestre. Otra vez, todo se emborron\u00f3 a la hora de usar el verduguillo. Silencio.<\/p>\n<p style=\"text-align: right;\"><em><strong>Mundotoro<\/strong><\/em><\/p>\n<p>&nbsp;<\/p>\n<p><strong>L\u00e9a Vicens pierde los trofeos en los aceros tras dos grandes faenas<\/strong><\/p>\n<p>A los lomos de la yegua GUITARRA recibi\u00f3 de salida <strong>L\u00e9a Vicens<\/strong> al manso y distra\u00eddo primero al que coloco un solitario rej\u00f3n, iniciando el tercio de banderillas con DILUVIO, un caballo luso-arabe .Nada f\u00e1cil result\u00f3 la lidia de este animal pero la rejoneadora evidenci\u00f3 su capacidad t\u00e9cnica, y concluyendo su labor con tres banderillas cortas. Recet\u00f3 medio rej\u00f3n de muerte, echando pie a tierra para descabellar, cosa que hizo al segundo intento. Palmas.<\/p>\n<p>Con otra yegua, CLEOPATRA, de raza hispano-\u00e1rabe recogi\u00f3 Vicens de salida al cuarto, un animal que ten\u00eda movilidad. Con B\u00c9TICO, un caballo con experiencia y grandes facultades anduvo brillante y muy sobrada en los cuatros rehiletes que coloc\u00f3. Ya con DESEADO, un ejemplar tordo de pura raza \u00e1rabe, concluy\u00f3 su actuaci\u00f3n con el toro ya muy aquerenciado en tablas. Uso a ESPONT\u00c1NEO para acabar con la vida del morlaco, encontr\u00e1ndose de nuevo con la mala fortuna. Saludos tras aviso.<\/p>\n<p style=\"text-align: right;\"><em><strong>Burladero<\/strong><\/em><\/p>\n<p>&nbsp;<\/p>\n<p>&nbsp;<\/p>\n","protected":false},"excerpt":{"rendered":"<p class=\"entry-title\"><strong>La firmeza de Vicens <\/strong><strong>en el inicio de Feria de B\u00e9ziers<br \/>\n<\/strong><\/p>\n<p><em>L\u00e9a Vicens, faena de oficio al complicado primero de Boh\u00f3rquez<\/em><\/p>\n<p>El primero de Ferm\u00edn Boh\u00f3rquez, \u201cMalvado\u201d, n\u00famero 72, nac&#8230;<\/p>\n","protected":false},"author":23,"featured_media":12523,"comment_status":"open","ping_status":"open","sticky":true,"template":"","format":"standard","meta":[],"categories":[25,20,1],"tags":[],"_links":{"self":[{"href":"https:\/\/leavicens.com\/fr_FR\/wp-json\/wp\/v2\/posts\/12520"}],"collection":[{"href":"https:\/\/leavicens.com\/fr_FR\/wp-json\/wp\/v2\/posts"}],"about":[{"href":"https:\/\/leavicens.com\/fr_FR\/wp-json\/wp\/v2\/types\/post"}],"author":[{"embeddable":true,"href":"https:\/\/leavicens.com\/fr_FR\/wp-json\/wp\/v2\/users\/23"}],"replies":[{"embeddable":true,"href":"https:\/\/leavicens.com\/fr_FR\/wp-json\/wp\/v2\/comments?post=12520"}],"version-history":[{"count":2,"href":"https:\/\/leavicens.com\/fr_FR\/wp-json\/wp\/v2\/posts\/12520\/revisions"}],"predecessor-version":[{"id":12524,"href":"https:\/\/leavicens.com\/fr_FR\/wp-json\/wp\/v2\/posts\/12520\/revisions\/12524"}],"wp:featuredmedia":[{"embeddable":true,"href":"https:\/\/leavicens.com\/fr_FR\/wp-json\/wp\/v2\/media\/12523"}],"wp:attachment":[{"href":"https:\/\/leavicens.com\/fr_FR\/wp-json\/wp\/v2\/media?parent=12520"}],"wp:term":[{"taxonomy":"category","embeddable":true,"href":"https:\/\/leavicens.com\/fr_FR\/wp-json\/wp\/v2\/categories?post=12520"},{"taxonomy":"post_tag","embeddable":true,"href":"https:\/\/leavicens.com\/fr_FR\/wp-json\/wp\/v2\/tags?post=12520"}],"curies":[{"name":"wp","href":"https:\/\/api.w.org\/{rel}","templated":true}]}}