{"id":12567,"date":"2022-08-24T05:40:57","date_gmt":"2022-08-24T03:40:57","guid":{"rendered":"https:\/\/leavicens.com\/?p=12567"},"modified":"2022-08-24T05:41:14","modified_gmt":"2022-08-24T03:41:14","slug":"lea-corta-una-oreja-en-el-cierre-de-cuenca","status":"publish","type":"post","link":"https:\/\/leavicens.com\/fr_FR\/lea-corta-una-oreja-en-el-cierre-de-cuenca\/","title":{"rendered":"L\u00e9a corta una oreja en el cierre de Cuenca"},"content":{"rendered":"<p>Sal\u00eda por la puerta de toriles el segundo de la tarde con el hierro de Ben\u00edtez Cubero, un toro que se acab\u00f3 desplomando y no permiti\u00f3 lucirse a la rejoneadora francesa. Comenz\u00f3 montando a \u201cCleopatra\u201d, pero el toro \u201cLechuzo\u201d no era Marco Antonio, y la amazona gala le coloc\u00f3 tres rejones de castigo que luego acusar\u00eda el de Ben\u00edtez Cubero, con protestas del p\u00fablico. Fue una faena compleja dado el nulo juego del toro, pero L\u00e9a sac\u00f3 raza para intentar alzar el vuelo de su adversario. Con \u00abB\u00e9tico\u00bb busc\u00f3 esa colaboraci\u00f3n de su oponente que no terminaba de llegar. La faena remont\u00f3 cabalgando con \u201cJazm\u00edn\u201d, arriesgando en las cortas. Finalmente, \u201cLechuzo\u201d se termin\u00f3 de rajar y cost\u00f3 un poco finiquitar su labor, saludando desde el tercio.<\/p>\n<p>Con el quinto mejor\u00f3 L\u00e9a Vicens su actuaci\u00f3n recibiendo a \u201cIlustrado\u201d con sones de rej\u00f3n de castigo a lomos de \u201cGuitarra\u201d, colocando dos y banderola al viento. Arriesg\u00f3 con \u201cDiluvio\u201d en banderillas, colocando tres farpas de frente y al quiebro, muy aplaudidas. Se luci\u00f3 tambi\u00e9n con las cortas, haciendo casi la noria ante el parado ejemplar, y el rej\u00f3n hizo mella tard\u00eda, de ah\u00ed que intentase colocar otro, pero \u201cIlustrado\u201d se acost\u00f3 y ello propici\u00f3 que el p\u00fablico sacase los pa\u00f1uelos y L\u00e9a Vicens se ganase una oreja con la que dio la vuelta al ruedo, con un gallo (signo franc\u00e9s) sumado a la fiesta.<\/p>\n<p>La rejoneadora francesa gust\u00f3 con su elegante monta y su buena doma en sus dos toros, pero el uso de los aceros en su primer astado no le permiti\u00f3 salir por la Puerta Grande en la \u00faltima tarde de la Feria de Cuenca.<\/p>\n","protected":false},"excerpt":{"rendered":"<p>Sal\u00eda por la puerta de toriles el segundo de la tarde con el hierro de Ben\u00edtez Cubero, un toro que&#8230;<\/p>\n","protected":false},"author":23,"featured_media":12568,"comment_status":"open","ping_status":"open","sticky":true,"template":"","format":"standard","meta":[],"categories":[25,20],"tags":[220,53,23,195,219,175],"_links":{"self":[{"href":"https:\/\/leavicens.com\/fr_FR\/wp-json\/wp\/v2\/posts\/12567"}],"collection":[{"href":"https:\/\/leavicens.com\/fr_FR\/wp-json\/wp\/v2\/posts"}],"about":[{"href":"https:\/\/leavicens.com\/fr_FR\/wp-json\/wp\/v2\/types\/post"}],"author":[{"embeddable":true,"href":"https:\/\/leavicens.com\/fr_FR\/wp-json\/wp\/v2\/users\/23"}],"replies":[{"embeddable":true,"href":"https:\/\/leavicens.com\/fr_FR\/wp-json\/wp\/v2\/comments?post=12567"}],"version-history":[{"count":1,"href":"https:\/\/leavicens.com\/fr_FR\/wp-json\/wp\/v2\/posts\/12567\/revisions"}],"predecessor-version":[{"id":12569,"href":"https:\/\/leavicens.com\/fr_FR\/wp-json\/wp\/v2\/posts\/12567\/revisions\/12569"}],"wp:featuredmedia":[{"embeddable":true,"href":"https:\/\/leavicens.com\/fr_FR\/wp-json\/wp\/v2\/media\/12568"}],"wp:attachment":[{"href":"https:\/\/leavicens.com\/fr_FR\/wp-json\/wp\/v2\/media?parent=12567"}],"wp:term":[{"taxonomy":"category","embeddable":true,"href":"https:\/\/leavicens.com\/fr_FR\/wp-json\/wp\/v2\/categories?post=12567"},{"taxonomy":"post_tag","embeddable":true,"href":"https:\/\/leavicens.com\/fr_FR\/wp-json\/wp\/v2\/tags?post=12567"}],"curies":[{"name":"wp","href":"https:\/\/api.w.org\/{rel}","templated":true}]}}