{"id":12690,"date":"2022-10-17T00:32:16","date_gmt":"2022-10-16T22:32:16","guid":{"rendered":"https:\/\/leavicens.com\/?p=12690"},"modified":"2022-10-17T00:32:39","modified_gmt":"2022-10-16T22:32:39","slug":"lea-pone-el-broche-de-oro-a-su-magistral-temporada-saliendo-a-hombros-en-jaen","status":"publish","type":"post","link":"https:\/\/leavicens.com\/fr_FR\/lea-pone-el-broche-de-oro-a-su-magistral-temporada-saliendo-a-hombros-en-jaen\/","title":{"rendered":"L\u00e9a pone el broche de oro a su magistral temporada saliendo a hombros en Ja\u00e9n"},"content":{"rendered":"<p><em>El acero evita el corte de una oreja por parte de L\u00e9a al flojo tercero de Pallar\u00e9s<\/em><\/p>\n<p>Buen nivel el dado por L\u00e9a Vicens en este tercero de la tarde, un astado don el que vimos una monta templada de la francesa ante un animal medido de fuerzas. Poco a poco fue sac\u00e1ndole aquello que pod\u00eda dar el animal, pero el rej\u00f3n de muerte evit\u00f3 que cortase una justa oreja.<\/p>\n<p><em>L\u00e9a pasea las dos orejas del sexto para salir en hombros<\/em><\/p>\n<p>L\u00e9a Vicens amarr\u00f3 el triunfo casi sobre la bocina tras una faena de menos a m\u00e1s con el manejable sexto. Labor templada y seria ante un toro que pese a su nobleza exigi\u00f3 siempre una monta firme y poderosa. La francesa acert\u00f3 en los terrenos y en darle al animal ese tiempo entre banderilla y banderilla. Coloc\u00f3 un solo rej\u00f3n de muerte, aunque tuvo que tirar de descabello con el que estuvo muy acertada.<\/p>\n<p style=\"text-align: right;\"><em><strong>Cultoro<\/strong><\/em><\/p>\n<p>&nbsp;<\/p>\n<p>El acero impidi\u00f3 a L\u00e9a Vicens pasear alg\u00fan trofeo del tercero tras una buena faena, basada en el temple, con un flojo toro de Pallar\u00e9s<strong>.<\/strong> Escaso de fuerzas, la gala lo mantuvo en pie y supo sacarle, a base de paciencia, grandes banderillas. Salud\u00f3 una ovaci\u00f3n.<\/p>\n<p>Dos orejas pase\u00f3 Lea Vicens del sexto. Incombustible la rejoneadora gala que montando a<em> \u2018B\u00e9tico\u2019<\/em> y<em> \u2018Ferm\u00edn\u2019<\/em> sac\u00f3 las mejores banderillas del sexto. Un toro de Ben\u00edtez Cubero agarrado al piso y que ech\u00f3 el freno r\u00e1pido. Garra de Vicens muy por encima de un lote deslucido.<\/p>\n<p style=\"text-align: right;\"><em><strong>Mundotoro<\/strong><\/em><\/p>\n<p>&nbsp;<\/p>\n<p>L\u00e9a Vicens recibi\u00f3 a un tercer toro manejable al que cuaj\u00f3 un vibrante inicio de salida. El animal, con muchos pies, persigui\u00f3 la cabalgadura con entrega, y la francesa templ\u00f3 sus primeras acometidas con notable solvencia. Cuando parec\u00eda que la labor podr\u00eda ser importante todo se vino abajo, ya que el toro pareci\u00f3 lesionarse, perdiendo las manos varias veces ante la desesperaci\u00f3n del p\u00fablico asistente porque la rejoneadora se quedara sin oponente. La suerte en los aceros le impidi\u00f3 conseguir trofeo.<\/p>\n<p>Con la puerta grande asegurada para sus compa\u00f1eros de cartel, al \u00faltimo de la tarde lo recibi\u00f3 a portagayola. El toro de Ben\u00edtez Cubero, al igual que todos los lidiados, fue muy noble, aunque este acus\u00f3 mucho la querencia, buscando tablas en todo momento. No se lo puso f\u00e1cil a la francesa, que quiso y puso mucho en una labor en la que se tuvo que ajustar en los pares y demostrando haber sido superior a su rival. Finaliz\u00f3 su labor de un rejonazo, tardando el toro en caer, cortando dos orejas.<\/p>\n<p style=\"text-align: right;\"><em><strong>COPE<\/strong><\/em><\/p>\n<p>&nbsp;<\/p>\n<p>&nbsp;<\/p>\n<p>&nbsp;<\/p>\n","protected":false},"excerpt":{"rendered":"<p>El acero evita el corte de una oreja por parte de L\u00e9a al flojo tercero de Pallar\u00e9s Buen nivel el&#8230;<\/p>\n","protected":false},"author":23,"featured_media":12691,"comment_status":"open","ping_status":"open","sticky":true,"template":"","format":"standard","meta":[],"categories":[25,20],"tags":[180,247,53,23,54,175,174,173,181],"_links":{"self":[{"href":"https:\/\/leavicens.com\/fr_FR\/wp-json\/wp\/v2\/posts\/12690"}],"collection":[{"href":"https:\/\/leavicens.com\/fr_FR\/wp-json\/wp\/v2\/posts"}],"about":[{"href":"https:\/\/leavicens.com\/fr_FR\/wp-json\/wp\/v2\/types\/post"}],"author":[{"embeddable":true,"href":"https:\/\/leavicens.com\/fr_FR\/wp-json\/wp\/v2\/users\/23"}],"replies":[{"embeddable":true,"href":"https:\/\/leavicens.com\/fr_FR\/wp-json\/wp\/v2\/comments?post=12690"}],"version-history":[{"count":1,"href":"https:\/\/leavicens.com\/fr_FR\/wp-json\/wp\/v2\/posts\/12690\/revisions"}],"predecessor-version":[{"id":12692,"href":"https:\/\/leavicens.com\/fr_FR\/wp-json\/wp\/v2\/posts\/12690\/revisions\/12692"}],"wp:featuredmedia":[{"embeddable":true,"href":"https:\/\/leavicens.com\/fr_FR\/wp-json\/wp\/v2\/media\/12691"}],"wp:attachment":[{"href":"https:\/\/leavicens.com\/fr_FR\/wp-json\/wp\/v2\/media?parent=12690"}],"wp:term":[{"taxonomy":"category","embeddable":true,"href":"https:\/\/leavicens.com\/fr_FR\/wp-json\/wp\/v2\/categories?post=12690"},{"taxonomy":"post_tag","embeddable":true,"href":"https:\/\/leavicens.com\/fr_FR\/wp-json\/wp\/v2\/tags?post=12690"}],"curies":[{"name":"wp","href":"https:\/\/api.w.org\/{rel}","templated":true}]}}