{"id":1384,"date":"2016-07-24T01:17:49","date_gmt":"2016-07-23T23:17:49","guid":{"rendered":"http:\/\/leavicens.com\/?p=1384"},"modified":"2016-07-27T19:45:39","modified_gmt":"2016-07-27T17:45:39","slug":"lea-vicens-cuatro-orejas-en-mejanes-francia","status":"publish","type":"post","link":"https:\/\/leavicens.com\/fr_FR\/lea-vicens-cuatro-orejas-en-mejanes-francia\/","title":{"rendered":"L\u00c9A VICENS, CUATRO OREJAS EN M\u00c9JANES (FRANCIA)"},"content":{"rendered":"<p><a href=\"http:\/\/leavicens.com\/lvicens\/wp-content\/uploads\/2016\/07\/DSC_0307.jpg\"><img loading=\"lazy\" class=\"wp-image-1385 alignleft\" src=\"http:\/\/leavicens.com\/lvicens\/wp-content\/uploads\/2016\/07\/DSC_0307-300x200.jpg\" alt=\"DSC_0307\" width=\"302\" height=\"201\" \/><\/a><\/p>\n<p><a href=\"http:\/\/leavicens.com\/lvicens\/wp-content\/uploads\/2016\/07\/DSC_0471.jpg\"><img loading=\"lazy\" class=\"size-medium wp-image-1388 alignright\" src=\"http:\/\/leavicens.com\/lvicens\/wp-content\/uploads\/2016\/07\/DSC_0471-300x202.jpg\" alt=\"DSC_0471\" width=\"300\" height=\"202\" \/><\/a><\/p>\n<p>&nbsp;<\/p>\n<p>&nbsp;<\/p>\n<p>&nbsp;<\/p>\n<p>&nbsp;<\/p>\n<p>&nbsp;<\/p>\n<p><a href=\"http:\/\/leavicens.com\/lvicens\/wp-content\/uploads\/2016\/07\/DSC_0338.jpg\"><img loading=\"lazy\" class=\"size-medium wp-image-1386 aligncenter\" src=\"http:\/\/leavicens.com\/lvicens\/wp-content\/uploads\/2016\/07\/DSC_0338-200x300.jpg\" alt=\"DSC_0338\" width=\"200\" height=\"300\" \/><\/a><\/p>\n<p><strong>ActuToro<\/strong><\/p>\n<p><strong>&#8211; Triomphes de Pablo Hermoso de Mendoza, Andy Cartagena et L\u00e9a Vicens \u00e0 M\u00e9janes<\/strong><\/p>\n<p><strong>&#8211; Lea Vicens remporte le tr\u00e8s convoit\u00e9 troph\u00e9e du Rejon d&#8217;Or<\/strong><\/p>\n<p><em>Lea Vicens a triomph\u00e9 parmi les grands. L&#8217;amazone fran\u00e7aise remporte le tr\u00e8s convoit\u00e9 Rejon d&#8217;Or de M\u00e9janes au terme d&#8217;un apr\u00e8s-midi remarquable. Cette \u00e9dition fut d\u00e9di\u00e9e au rejoneo fran\u00e7ais, et Lea n&#8217;a pas souhait\u00e9 laisser \u00e9chapper cette opportunit\u00e9 d&#8217;y inscrire son nom au d\u00e9j\u00e0 tr\u00e8s riche palmar\u00e8s.<\/em><\/p>\n<p><em>Lea Vicens coupa les deux oreilles du sixi\u00e8me exemplaire, un toro des fr\u00e8res Sampedro avec un exc\u00e8s de poids ce qui le fit s&#8217;arr\u00eater rapidement. Cependant cela n&#8217;emp\u00eacha en rien l&#8217;amazone de mener \u00e0 terme une tr\u00e8s notable faena. D\u00e8s la r\u00e9ception avec \u00abBach\u00bb, puis \u00e0 dos de \u00abGacela\u00bb et \u00abDiluvio\u00bb elle enchanta le puvlic venu en masse. Lea s&#8217;exposa\u00a0beaucoup pour parvenir jusqu&#8217;\u00e0 la t\u00eate de l&#8217;animal afin d&#8217;achever une oeuvre qu&#8217;elle avait brind\u00e9 \u00e0 Mich\u00e8le Ricard.<\/em><\/p>\n<p><em>Face autroisi\u00e8me exemplaire, marqu\u00e9 du fer de Fermin Bohorquez, la n\u00eemoise n&#8217;avait pas souhait\u00e9 rester en retrait de ses compagnons qui venaient de couper deux oreilles chacun. Le Bohorquez chargeait avec classe ce qui permit \u00e0 Lea de plaire au public surtout avec sa star \u00abBetico\u00bb mais \u00e9galement \u00abBazuka\u00bb et \u00abJazmin\u00bb, ce dernier dansant devant la t\u00eate de son opposant.\u00a0<\/em><\/p>\n<p><em>Andy Cartagena coupa les deux pavillons du deuxi\u00e8me de l&#8217;apr\u00e8s-midi, un berrendo manso qui chercha sans cesse le refuge aux planches. Andy parvint \u00e0 l&#8217;int\u00e9resser au cours de sa faena qui alla crescendo. Dans la derni\u00e8re partie de la faena\u00a0mont\u00e9 sur \u00abPintas\u00bb, Andy r\u00e9ussi \u00e0 faire rompre l&#8217;animal. A l&#8217;issue d&#8217;un rejon de mort fulminant les deux pavillons tomb\u00e8rent.<\/em><\/p>\n<p><em>Le combat face au cinqui\u00e8me fut tr\u00e8s spectaculaire : il fit le tour de la piste avec l&#8217;animal coll\u00e9 \u00e0 la croupe du cheval, il cloua des banderilles d&#8217;un bout \u00e0 l&#8217;autre de la piste. L&#8217;intensit\u00e9 monta \u00e0 son apog\u00e9e lorsqu&#8217; \u00abHumano\u00bb fit son apparition en piste l traversant debout sur ses post\u00e9rieurs. \u00abMediterraneo\u00bb vint clore l&#8217;oeuvre. Pinchazo et rejon de mort. Oreille.<\/em><\/p>\n<p><em>Pablo Hermoso de Mendoza mit la fibre qu&#8217;il manquait au toro d&#8217;ouverture. Le Sampedro manquait de race et la vuelta de campana qu&#8217;il subit en d\u00e9but de faena n&#8217;arrangea pas les choses. Avec \u00abBerlin\u00bb, \u00abBeluga\u00bb et \u00abPirata\u00bb, Pablo fit \u00e9talage de sa maestria enthousiasmant le public. L&#8217;\u00e9p\u00e9e fut efficace et lib\u00e9ra les deux oreilles.<\/em><\/p>\n<p><em>Tandis qu&#8217;il tenait \u00e0 nouveau les deux troph\u00e9es dans la main face au quatri\u00e8me, le rejon de mort en d\u00e9cida autrement laissant le tout en ovation. Face \u00e0 cet animal qui poss\u00e9dait un bon galop, le navarrais fit une nouvelle exhibition de son talent notamment avec ses fameuses \u00abhermosinas\u00bb avec \u00abDisparate\u00bb puis avec \u00abDonatelli\u00bb et \u00abPirata\u00bb.<\/em><\/p>\n<p>&nbsp;<\/p>\n<p><strong style=\"line-height: 1.5;\">\u00abLea Vicens<\/strong><span style=\"line-height: 1.5;\">, <\/span><strong style=\"line-height: 1.5;\">cort\u00f3 cuatro orejas en una tarde rotunda\u00bb<\/strong><\/p>\n<p><strong>Cultoro<\/strong><\/p>\n<p>\u00abCon el noble tercero har\u00eda <strong>Lea<\/strong> el pleno de los actuantes, porque tambi\u00e9n le aprovech\u00f3 la buena condici\u00f3n para cortarle las dos orejas. Una actuaci\u00f3n limpia, bella y elegante que alcanz\u00f3 mucha conexi\u00f3n cuando &#8216;Jazm\u00edn&#8217; bail\u00f3 en la cara del toro antes de clavar. Un rejonazo contundente rubric\u00f3 el importante triunfo.<\/p>\n<p>La que consigui\u00f3 cortar todas las orejas en juego fue <strong>Lea Vicens,<\/strong> que expuso mucho en su faena al sexto. Supo encandilar a los tendidos con &#8216;Bach&#8217; y &#8216;Gacela&#8217; y no fall\u00f3 con los aceros, por lo que recibi\u00f3 el merecido premio que andaba buscando. Gran actuaci\u00f3n de Lea que contin\u00faa imparable\u00bb.<\/p>\n<p><strong>Mundotoro<\/strong><\/p>\n<p>\u00abNo hab\u00eda querido quedarse por detr\u00e1s de sus compa\u00f1eros y cort\u00f3 dos orejas del tercero. Llevaba el hierro de <strong>Ferm\u00edn Boh\u00f3rquez<\/strong> y mostr\u00f3 mucha clase en sus embestidas, circunstancia que aprovech\u00f3 la amazona para gustar al p\u00fablico, especialmente con \u2018B\u00e9tico\u2019, \u2018Bazuka\u2019 y \u2018Jazm\u00edn\u2019. Con este \u00faltimo \u2018bail\u00f3\u2019 en la cara del toro y puso la plaza en pie.<\/p>\n<p><strong>Lea Vicens<\/strong> cort\u00f3 las dos orejas del sexto de la tarde. Fue un toro de\u00a0<strong>Hermanos Sampedro<\/strong> con un evidente exceso de kilos, lo que hizo que se parase pronto. Eso no impidi\u00f3 que la amazona llevase a cabo una faena notable, en la que encant\u00f3 al p\u00fablico con \u2018Bach\u2019, \u2018Gacela\u2019 y \u2018Diluvio\u2019. Expuso mucho Lea, lleg\u00f3 a la cara y logr\u00f3 redondear una faena que hab\u00eda brindado a Mich\u00e8le Ricard\u00bb.<\/p>\n<p>Fotos:\u00a0Aur\u00e8lien Christin<\/p>\n<p>&nbsp;<\/p>\n","protected":false},"excerpt":{"rendered":"<p>&nbsp; &nbsp; &nbsp; &nbsp; &nbsp; ActuToro &#8211; Triomphes de Pablo Hermoso de Mendoza, Andy Cartagena et L\u00e9a Vicens \u00e0 M\u00e9janes&#8230;<\/p>\n","protected":false},"author":4,"featured_media":1389,"comment_status":"open","ping_status":"open","sticky":true,"template":"","format":"standard","meta":[],"categories":[20,1],"tags":[],"_links":{"self":[{"href":"https:\/\/leavicens.com\/fr_FR\/wp-json\/wp\/v2\/posts\/1384"}],"collection":[{"href":"https:\/\/leavicens.com\/fr_FR\/wp-json\/wp\/v2\/posts"}],"about":[{"href":"https:\/\/leavicens.com\/fr_FR\/wp-json\/wp\/v2\/types\/post"}],"author":[{"embeddable":true,"href":"https:\/\/leavicens.com\/fr_FR\/wp-json\/wp\/v2\/users\/4"}],"replies":[{"embeddable":true,"href":"https:\/\/leavicens.com\/fr_FR\/wp-json\/wp\/v2\/comments?post=1384"}],"version-history":[{"count":4,"href":"https:\/\/leavicens.com\/fr_FR\/wp-json\/wp\/v2\/posts\/1384\/revisions"}],"predecessor-version":[{"id":1423,"href":"https:\/\/leavicens.com\/fr_FR\/wp-json\/wp\/v2\/posts\/1384\/revisions\/1423"}],"wp:featuredmedia":[{"embeddable":true,"href":"https:\/\/leavicens.com\/fr_FR\/wp-json\/wp\/v2\/media\/1389"}],"wp:attachment":[{"href":"https:\/\/leavicens.com\/fr_FR\/wp-json\/wp\/v2\/media?parent=1384"}],"wp:term":[{"taxonomy":"category","embeddable":true,"href":"https:\/\/leavicens.com\/fr_FR\/wp-json\/wp\/v2\/categories?post=1384"},{"taxonomy":"post_tag","embeddable":true,"href":"https:\/\/leavicens.com\/fr_FR\/wp-json\/wp\/v2\/tags?post=1384"}],"curies":[{"name":"wp","href":"https:\/\/api.w.org\/{rel}","templated":true}]}}