{"id":1412,"date":"2016-07-25T02:12:59","date_gmt":"2016-07-25T00:12:59","guid":{"rendered":"http:\/\/leavicens.com\/?p=1412"},"modified":"2016-08-02T12:05:06","modified_gmt":"2016-08-02T10:05:06","slug":"lea-vicens-oreja-en-su-debut-de-santander","status":"publish","type":"post","link":"https:\/\/leavicens.com\/fr_FR\/lea-vicens-oreja-en-su-debut-de-santander\/","title":{"rendered":"L\u00c9A VICENS, OREJA EN SU DEBUT DE SANTANDER"},"content":{"rendered":"<p><a href=\"http:\/\/leavicens.com\/lvicens\/wp-content\/uploads\/2016\/07\/ARJ0071.jpg\"><img loading=\"lazy\" class=\"size-medium wp-image-1415 aligncenter\" src=\"http:\/\/leavicens.com\/lvicens\/wp-content\/uploads\/2016\/07\/ARJ0071-300x202.jpg\" alt=\"_ARJ0071\" width=\"300\" height=\"202\" \/><\/a><\/p>\n<p><strong>Aplausos<\/strong><\/p>\n<p><strong>\u00abIlusionante debut de Lea Vicens en Santander\u00bb<\/strong><\/p>\n<p><strong>La amazona francesa toca pelo &#8211; como Andy y Leonardo- y copa la mayor\u00eda de los elogios al termino de la tarde.\u00a0<\/strong><\/p>\n<p class=\"p1\">Era mucha la expectaci\u00f3n que causaba<strong> Les Vicens<\/strong> en su debut en el <strong>Coso de Cuatro Caminos.<\/strong> Se la recibi\u00f3 con una c\u00e1lida ovaci\u00f3n al entrar en el tercero. Genio y figura, clasicismo y elegancia. Guante blanco y mano de hierro es <strong>Lea<\/strong> toreando sobre sus caballos. Con una t\u00e9cnica exquisita cuaj\u00f3 una faena llena de detalles. Con dos rosas se llev\u00f3 al p\u00fablico bajo sus riendas. Dos pinchazos. Rejonazo trasero. El toro tarda en caer. Saludos desde el tercio.<\/p>\n<p class=\"p1\">La torero<strong> francesa<\/strong> dej\u00f3 un dulce regusto en el paladar de la afici\u00f3n c\u00e1ntabra tras su lidia al sexto. Destilando clasicismo por los poros le invent\u00f3 al cierraplaza una faena de toreo puro. Banderillas dando el pecho, quebrando al toro y hasta al viol\u00edn le permitieron recrearse en el buen gusto. Con toques sublimes le sac\u00f3 la esencia a un toro sin gracia alguna. Estocada. Oreja con fort\u00edsima petici\u00f3n de la segunda.<\/p>\n<p class=\"p1\">Comenz\u00f3 la faena Andy Cartagena saludando en los medios al p\u00fablico a lomos de Champ\u00e1n. Recibi\u00f3 al primero tratando de llevarlo cosido a la grupa, pero el toro sal\u00eda suelto del caballo. Lo encel\u00f3 con Sol y Sombra en banderillas, dejando un tercio s\u00f3lido. Destac\u00f3 Picasso, cerrando el tercio colocando la banderilla en los medios. Culmin\u00f3 el tercio con cortas que desataron el delirio en los tendidos. Rejonazo. La solvencia y la t\u00e9cnica le valieron una oreja con petici\u00f3n de la segunda que el presidente tuvo a bien no conceder.<\/p>\n<p class=\"p1\">El cuarto de la tarde y primero de El Canario era un morlaco de 670 kilos. Un buey que con los pitones llegaba a la altura de la montura de Cartagena. Como un tren de mercanc\u00edas arremet\u00eda contra el jinete. Con clara querencia a los terrenos del 7 y sin movilidad, no ayud\u00f3 nada. Meritorios tercios de Cartagena, que le arrancaba las embestidas. Perdi\u00f3 las manos en varias ocasiones y se tumb\u00f3 el de El Canario sin fuerza ni \u00e1nimo de seguir. Sin posibilidad de torear a placer, el alicantino se hizo valer de recursos est\u00e9ticos con Humano para mantener la emoci\u00f3n en los tendidos. Rejonazo de muerte. Petici\u00f3n de oreja y palmas. Salud\u00f3 en el tercio.<\/p>\n<p class=\"p1\">Sali\u00f3 el segundo con m\u00e1s fijeza rematando en los burladeros. Toro bajo, enmorrillado, negro de capa como el resto de sus hermanos. El sello particular de Leonardo se dej\u00f3 ver desde el primer tercio, de gran exposici\u00f3n. Gran quiebro en los terrenos del 1 que levant\u00f3 los aplausos del p\u00fablico. Inc\u00f3modo este segundo por recortar y sacar la cara en el tercio de banderillas, que el jinete pacense solvent\u00f3 con facilidad disimulando los defectos del de S\u00e1nchez y S\u00e1nchez. Valor y exposici\u00f3n desmedidas. El p\u00fablico entregado. Rejonazo en lo alto. Oreja con fuerte petici\u00f3n de la segunda no concedida pero s\u00ed merecida.<\/p>\n<p class=\"p1\">Ni fondo ni clase tuvo el quinto de la tarde. Fr\u00edos los primeros tercios debido a la falta de transmisi\u00f3n del astado. Leonardo lo despert\u00f3 en banderillas citando con el pecho de Despacio. Inteligencia del jinete de Badajoz al elegir a su compa\u00f1ero de lidia. Las banderillas cortas con el toro parado en los medios fueron de lo m\u00e1s brillante de la lidia. Estocada y descabello tard\u00edo que le arrebat\u00f3 la primera Puerta Grande del ciclo santanderino. Ovaci\u00f3n.<\/p>\n<p><strong><u>FICHA DEL FESTEJO<\/u><\/strong><\/p>\n<p><strong>Santander<\/strong>, <strong>domingo 24 de julio de 2016.<\/strong><\/p>\n<p><strong>Plaza de toros de Cuatro Caminos<\/strong><\/p>\n<p>Toros de\u00a0Hdros. \u00c1ngel S\u00e1nchez y S\u00e1nchez\u00a0y\u00a0El Canario\u00a0(4\u00b0 bis).<\/p>\n<p>Andy Cartagena, oreja con petici\u00f3n de la segunda y saludos tras petici\u00f3n.<\/p>\n<p>Leonardo Hern\u00e1ndez, oreja con petici\u00f3n de la segunda y ovaci\u00f3n.<\/p>\n<p><strong>LeA Vicens<\/strong>, ovaci\u00f3n con saludos y oreja con fuerte petici\u00f3n de la segunda.<\/p>\n<p class=\"p1\">Entrada: M\u00e1s de tres cuartos de plaza<\/p>\n<p>&nbsp;<\/p>\n<p><strong>Mundotoro<\/strong><\/p>\n<p>\u00abFall\u00f3 con el rej\u00f3n de muerte <strong>Lea Vicens<\/strong> y perdi\u00f3 el premio de una faena muy importante de la amazona, en la que despleg\u00f3 un toreo de muy de verdad, pisando unos terrenos muy comprometidos.\u00a0<strong>Lea Vicens<\/strong> consigui\u00f3 cortale una oreja al \u00faltimo toro del festejo, un ejemplar soso y sin gracia alguna. La rejoneadora gala realiz\u00f3 una faena de pureza y variedad que ilusion\u00f3 al p\u00fablico c\u00e1ntabro\u00bb.<\/p>\n<p>&nbsp;<\/p>\n<p><strong>Burladero<\/strong><\/p>\n<p>\u00abEl primer festejo de la Feria de Santiago de Santander se cerr\u00f3 con un empate t\u00e9cnico entre los tres rejoneadores. Andy Cartagena, Leonardo Hern\u00e1ndez y <strong>L\u00e9a Vicens<\/strong> lograron cortar una oreja cada uno a un encierro de \u00c1ngel S\u00e1nchez y S\u00e1nchez muy desigual de presentaci\u00f3n y de variado juego. Solamente se pasearon tres ap\u00e9ndices pero pudieron ser m\u00e1s, ya que tanto Leonardo en el quinto como L\u00e9a en el tercero emborronaron sus faenas con los aceros. <strong>Fue precisamente la francesa quien tuvo m\u00e1s cerca la Puerta Grande, con una fuerte petici\u00f3n del segundo trofeo en el que cerr\u00f3 plaza.\u00a0<\/strong><\/p>\n<p>A punto estuvo <strong>L\u00e9a Vicens <\/strong>de pasear una oreja del tercero, pero el fallo con el rej\u00f3n de muerte y la tardanza en caer del de S\u00e1nchez y S\u00e1nchez dejaron el resultado en una ovaci\u00f3n. Comenz\u00f3 su actuaci\u00f3n con Guitarra y clav\u00f3 con \u00e9l hasta tres rejones de castigo. Inici\u00f3 el tercio de banderillas a lomos de B\u00e9tico para seguir despu\u00e9s con Bazuka. No le cost\u00f3 ganarse el cr\u00e9dito del p\u00fablico a la francesa a base de buena doma. Clav\u00f3 el rej\u00f3n al tercer intento. El toro tard\u00f3 en caer, enfriando la faena y dejando a la francesa sin trofeo. Toc\u00f3 pelo frente al sexto, al que recibi\u00f3 sobre Bach. Gust\u00f3 en banderillas sobre Guitarra haciendo las cosas bien, sin florituras pero con elegancia y buena doma. Destac\u00f3 la colocaci\u00f3n de una banderilla al viol\u00edn. Con Espont\u00e1neo dej\u00f3 un rej\u00f3n trasero. Oreja con petici\u00f3n fuerte petici\u00f3n de la segunda\u00bb.<\/p>\n<p><strong>Fotos: Arjona<\/strong><\/p>\n","protected":false},"excerpt":{"rendered":"<p>Aplausos \u00abIlusionante debut de Lea Vicens en Santander\u00bb La amazona francesa toca pelo &#8211; como Andy y Leonardo- y copa&#8230;<\/p>\n","protected":false},"author":4,"featured_media":1416,"comment_status":"open","ping_status":"open","sticky":true,"template":"","format":"standard","meta":[],"categories":[20,1],"tags":[],"_links":{"self":[{"href":"https:\/\/leavicens.com\/fr_FR\/wp-json\/wp\/v2\/posts\/1412"}],"collection":[{"href":"https:\/\/leavicens.com\/fr_FR\/wp-json\/wp\/v2\/posts"}],"about":[{"href":"https:\/\/leavicens.com\/fr_FR\/wp-json\/wp\/v2\/types\/post"}],"author":[{"embeddable":true,"href":"https:\/\/leavicens.com\/fr_FR\/wp-json\/wp\/v2\/users\/4"}],"replies":[{"embeddable":true,"href":"https:\/\/leavicens.com\/fr_FR\/wp-json\/wp\/v2\/comments?post=1412"}],"version-history":[{"count":3,"href":"https:\/\/leavicens.com\/fr_FR\/wp-json\/wp\/v2\/posts\/1412\/revisions"}],"predecessor-version":[{"id":1480,"href":"https:\/\/leavicens.com\/fr_FR\/wp-json\/wp\/v2\/posts\/1412\/revisions\/1480"}],"wp:featuredmedia":[{"embeddable":true,"href":"https:\/\/leavicens.com\/fr_FR\/wp-json\/wp\/v2\/media\/1416"}],"wp:attachment":[{"href":"https:\/\/leavicens.com\/fr_FR\/wp-json\/wp\/v2\/media?parent=1412"}],"wp:term":[{"taxonomy":"category","embeddable":true,"href":"https:\/\/leavicens.com\/fr_FR\/wp-json\/wp\/v2\/categories?post=1412"},{"taxonomy":"post_tag","embeddable":true,"href":"https:\/\/leavicens.com\/fr_FR\/wp-json\/wp\/v2\/tags?post=1412"}],"curies":[{"name":"wp","href":"https:\/\/api.w.org\/{rel}","templated":true}]}}