{"id":1497,"date":"2016-08-06T23:55:59","date_gmt":"2016-08-06T21:55:59","guid":{"rendered":"http:\/\/leavicens.com\/?p=1497"},"modified":"2016-08-08T13:15:20","modified_gmt":"2016-08-08T11:15:20","slug":"lea-vicens-dos-orejas-y-puerta-grande-en-vitoria","status":"publish","type":"post","link":"https:\/\/leavicens.com\/fr_FR\/lea-vicens-dos-orejas-y-puerta-grande-en-vitoria\/","title":{"rendered":"L\u00c9A VICENS, DOS OREJAS Y PUERTA GRANDE EN VITORIA"},"content":{"rendered":"<p>&nbsp;<\/p>\n<p><a href=\"http:\/\/leavicens.com\/lvicens\/wp-content\/uploads\/2016\/08\/feria-de-vitoria-2016_21-47-28_411_960x720.jpg\"><img loading=\"lazy\" class=\"size-medium wp-image-1499 alignleft\" src=\"http:\/\/leavicens.com\/lvicens\/wp-content\/uploads\/2016\/08\/feria-de-vitoria-2016_21-47-28_411_960x720-300x252.jpg\" alt=\"feria-de-vitoria-2016_21-47-28_411_960x720\" width=\"300\" height=\"252\" \/><\/a><a href=\"http:\/\/leavicens.com\/lvicens\/wp-content\/uploads\/2016\/08\/feria-de-vitoria-2016_21-47-04_411_960x720.jpg\"><img loading=\"lazy\" class=\"size-medium wp-image-1498 alignright\" src=\"http:\/\/leavicens.com\/lvicens\/wp-content\/uploads\/2016\/08\/feria-de-vitoria-2016_21-47-04_411_960x720-300x206.jpg\" alt=\"feria-de-vitoria-2016_21-47-04_411_960x720\" width=\"300\" height=\"206\" \/><\/a><\/p>\n<p>&nbsp;<\/p>\n<p>&nbsp;<\/p>\n<p>&nbsp;<\/p>\n<p>&nbsp;<\/p>\n<p>&nbsp;<\/p>\n<p>&nbsp;<\/p>\n<p>&nbsp;<\/p>\n<p><strong>Mundotoro<\/strong><\/p>\n<p>\u00abEl sexto fue un\u00a0buen ejemplar con clase y transmisi\u00f3n al que cuaj\u00f3<strong> Lea Vicens<\/strong>. Brillante con Gacela, llegando mucho al p\u00fablico en el toreo de costado y por los adentros, con mucha expresi\u00f3n en una faena importante. A pesar de que pinch\u00f3 dos veces, tras un rejonazo le fueron concedidas las dos orejas. El tercero tuvo nobleza pero no raza. <strong>Lea Vicens<\/strong> firm\u00f3 una buena lidia aunque le falt\u00f3 precisi\u00f3n en los embroques. No remat\u00f3 con el rej\u00f3n de muerte y al final todo qued\u00f3 en silencio\u00bb.<\/p>\n<p><strong>Aplausos<\/strong><\/p>\n<p>\u00abBuen sentido de la lidia demostr\u00f3 <strong>Lea Vicens<\/strong> frente al manejable tercero. Tore\u00f3 con elegancia sobre B\u00e9tico y Bazuca aunque con desigual acierto en los embroques por la tendencia del animal a no acabar de pasar en los cites. Fall\u00f3 con el rej\u00f3n definitivo.<\/p>\n<p>Buen toro el sexto al que <strong>Lea Vicens <\/strong>cuaj\u00f3 una faena fren\u00e9tica e intensa. Entrega total de la amazona francesa que cautiv\u00f3 sobre Gacela y B\u00e9tico por la manera de coser la embestida al caballo y de batir con gran suficiencia. Mucho coraz\u00f3n de <strong>Lea Vicens<\/strong> que imprimi\u00f3 espectacularidad a una actuaci\u00f3n emotiva y variada: violines, dobles batidas, ejecuciones a pit\u00f3n contrario. Buen toro de Terr\u00f3n y notable actuaci\u00f3n de <strong>Lea Vicens.<\/strong> Dos pinchazos previos a un rejonazo final no fueron obvice para que se la premiara con dos orejas\u00bb.<\/p>\n<p><strong>\u00a0<\/strong><\/p>\n<p><strong><u>FICHA DEL FESTEJO <\/u><\/strong><\/p>\n<p>Vitoria. S\u00e1bado 6 de agosto de 2016.<\/p>\n<p>Toros de\u00a0<strong>Luis Terr\u00f3n, d<\/strong>e buenas aunque desiguales hechuras; noble pero de escaso fondo, mejores 5\u00ba y 6\u00ba, con m\u00e1s raza que ningunos.<\/p>\n<p>Hermoso de Mendoza, ovaci\u00f3n tras petici\u00f3n y dos orejas.<\/p>\n<p>Manuel Manzanares, silencio y dos orejas.<\/p>\n<p><strong>Lea Vicens,\u00a0<\/strong>silencio tras aviso y dos orejas.<\/p>\n<p>Entrada: Casi media.<\/p>\n","protected":false},"excerpt":{"rendered":"<p>&nbsp; &nbsp; &nbsp; &nbsp; &nbsp; &nbsp; &nbsp; &nbsp; Mundotoro \u00abEl sexto fue un\u00a0buen ejemplar con clase y transmisi\u00f3n al que&#8230;<\/p>\n","protected":false},"author":4,"featured_media":1500,"comment_status":"open","ping_status":"open","sticky":true,"template":"","format":"standard","meta":[],"categories":[20,1],"tags":[],"_links":{"self":[{"href":"https:\/\/leavicens.com\/fr_FR\/wp-json\/wp\/v2\/posts\/1497"}],"collection":[{"href":"https:\/\/leavicens.com\/fr_FR\/wp-json\/wp\/v2\/posts"}],"about":[{"href":"https:\/\/leavicens.com\/fr_FR\/wp-json\/wp\/v2\/types\/post"}],"author":[{"embeddable":true,"href":"https:\/\/leavicens.com\/fr_FR\/wp-json\/wp\/v2\/users\/4"}],"replies":[{"embeddable":true,"href":"https:\/\/leavicens.com\/fr_FR\/wp-json\/wp\/v2\/comments?post=1497"}],"version-history":[{"count":1,"href":"https:\/\/leavicens.com\/fr_FR\/wp-json\/wp\/v2\/posts\/1497\/revisions"}],"predecessor-version":[{"id":1501,"href":"https:\/\/leavicens.com\/fr_FR\/wp-json\/wp\/v2\/posts\/1497\/revisions\/1501"}],"wp:featuredmedia":[{"embeddable":true,"href":"https:\/\/leavicens.com\/fr_FR\/wp-json\/wp\/v2\/media\/1500"}],"wp:attachment":[{"href":"https:\/\/leavicens.com\/fr_FR\/wp-json\/wp\/v2\/media?parent=1497"}],"wp:term":[{"taxonomy":"category","embeddable":true,"href":"https:\/\/leavicens.com\/fr_FR\/wp-json\/wp\/v2\/categories?post=1497"},{"taxonomy":"post_tag","embeddable":true,"href":"https:\/\/leavicens.com\/fr_FR\/wp-json\/wp\/v2\/tags?post=1497"}],"curies":[{"name":"wp","href":"https:\/\/api.w.org\/{rel}","templated":true}]}}