{"id":1795,"date":"2016-09-26T20:16:14","date_gmt":"2016-09-26T18:16:14","guid":{"rendered":"http:\/\/leavicens.com\/?p=1795"},"modified":"2016-09-26T20:26:08","modified_gmt":"2016-09-26T18:26:08","slug":"salamanca-lluvia-de-trofeos-para-los-tres-rejoneadores-en-el-final-de-feria","status":"publish","type":"post","link":"https:\/\/leavicens.com\/fr_FR\/salamanca-lluvia-de-trofeos-para-los-tres-rejoneadores-en-el-final-de-feria\/","title":{"rendered":"SALAMANCA. LLUVIA DE TROFEOS PARA LOS TRES REJONEADORES EN EL FINAL DE FERIA"},"content":{"rendered":"<div class=\"header\">\n<div class=\"container\">\n<div class=\"header--center--mini\">\n<p><a title=\"Tribuna de Salamanca\" href=\"http:\/\/www.tribunasalamanca.com\/\"><img loading=\"lazy\" class=\"aligncenter\" src=\"http:\/\/www.tribunasalamanca.com\/assets\/css\/tribuna-mini-3fb03d16a65b2395a212d2a819c7dfbaf4b46871505d1dc6da4a1352b79a6816.png\" alt=\"Tribuna mini\" width=\"168\" height=\"45\" \/><\/a><\/p>\n<div class=\"btn-group\">\u00a0 \u00a0 \u00a0 \u00a0 \u00a0 \u00a0 \u00a0 \u00a0 \u00a0 \u00a0 \u00a0 \u00a0 \u00a0 \u00a0 \u00a0 \u00a0 \u00a0 \u00a0 \u00a0 \u00a0 \u00a0 \u00a0 \u00a0 \u00a0 \u00a0 \u00a0 \u00a0 \u00a0 \u00a0 \u00a0 \u00a0 \u00a0 \u00a0 \u00a0 \u00a0 \u00a0 \u00a0<strong>\u00a0 \u00a0 \u00a0 \u00a0S<a class=\"btn dropdown-toggle Salamanca\" href=\"http:\/\/www.tribunasalamanca.com\/noticias\/lluvia-de-trofeos-para-los-tres-rejoneadores-en-el-final-de-feria\/1474486483#\" data-toggle=\"dropdown\">alamanca<\/a><\/strong><\/div>\n<\/div>\n<\/div>\n<\/div>\n<div class=\"wrapper container\">\n<div class=\"row\">\n<div class=\"content\">\n<h1 class=\"article--title\" style=\"text-align: center;\">Lluvia de trofeos para los tres rejoneadores en el final de Feria<\/h1>\n<div class=\"grid grid--two-column grid--two-column-greather-left\">\n<article class=\"column article article--detail\">\n<div class=\"article--info con-borde\">\n<div class=\"date\"><i class=\"fa fa-clock-o\"><\/i> 21.09.2016<\/div>\n<div class=\"section\">\u00b7 <a title=\"Toros\" href=\"http:\/\/www.tribunasalamanca.com\/secciones\/toros\/home\">TOROS<\/a><\/div>\n<div class=\"author\">TAMARA NAVARRO | @TNAVARROIG<\/div>\n<div class=\"votacion-estrellas noticia\"><\/div>\n<\/div>\n<div class=\"article-with-image\">\n<p><img class=\"aligncenter\" src=\"http:\/\/www.tribunasalamanca.com\/uploads\/imagenes\/images\/2016\/9\/21\/57e2e739d86b9e6fdb000021\/toro_1_%2868%29_detail.jpg?1474488120\" alt=\"Toro 1 %2868%29 detail\" \/><\/p>\n<div class=\"carousel-caption\"><strong>Puerta Grande para Hermoso de Mendoza, Gal\u00e1n y Vicens (Foto: De la Pe\u00f1a)<\/strong><\/div>\n<div class=\"ver-album-noticia\"><a title=\"Ver \u00e1lbum relacionado\" href=\"http:\/\/www.tribunasalamanca.com\/albums\/corrida-de-rejones-en-salamanca-hermoso-de-mendoza-sergio-galan-y-lea-vicens\"><img src=\"http:\/\/www.tribunasalamanca.com\/assets\/css\/commons\/ver_album-b739004953fc16148805298b4eee12f1be5fbf0df18b1ca6a910f15fbdb77d3c.png\" alt=\"Ver album\" \/><\/a><\/div>\n<\/div>\n<div class=\"article--summary\">\n<p>Los rejoneadores Pablo Hermoso de Mendoza, Sergio Gal\u00e1n y Lea Vicens han cerrado\u00a0este mi\u00e9rcoles\u00a0la puerta\u00a0grande en la sexta y \u00faltima corrida\u00a0de la feria taurina de la Virgen de la Vega,\u00a0en el que se han repartido siete trofeos.<\/p>\n<\/div>\n<div class=\"article--content\">\n<div class=\"article--sport-event\">\n<p><span style=\"text-decoration: underline;\"><strong>FICHA T\u00c9CNICA<\/strong><\/span><\/p>\n<p>Plaza de <strong>La Glorieta<\/strong>,\u00a0<strong>Salamanca<\/strong>. \u00daltima de\u00a0la\u00a0<strong>Feria 2016<\/strong>. Tres cuartos\u00a0de entrada. Toros de\u00a0<strong>Herederos de\u00a0S\u00e1nchez y S\u00e1nchez<\/strong>, el cuarto\u00a0sobrero.<\/p>\n<p><strong>Hermoso de Mendoza<\/strong>, dos orejas y ovaci\u00f3n.<\/p>\n<p><strong>Sergio Gal\u00e1n<\/strong>, oreja y oreja.<\/p>\n<p><strong>L\u00e9a Vicens<\/strong>, dos orejas y oreja.<\/p>\n<\/div>\n<p>Llegaba la sexta y \u00faltima corrida de la Feria Taurina de Salamanca 2016 y lo hac\u00eda con la ya habitual corrida de rejones. Seis toros despuntados de los Hermanos S\u00e1nchez y S\u00e1nchez para los caballeros rejoneadores\u00a0<strong>Pablo Hermoso de Mendoza, Sergio Gal\u00e1n y Lea Vicens<\/strong>. Sin duda la mejor entrada de la feria, en los tendidos alrededor de 8.000 personas, tres cuartos de plaza llena ansiosos por ver una cuadra espectacular.<\/p>\n<p>En primer lugar lidi\u00f3 el navarro. <strong>Cuaj\u00f3 una espectacular\u00a0faena Flor de Lis, al que encel\u00f3 mucho y tore\u00f3 de forma sublima con todas sus monturas,<\/strong> demostrando una gran superioridad. Destac\u00f3 a lomos de &#8216;Donatelli&#8217;, llev\u00e1dolo cosido a la cola de la cabalgadura en varias vueltas pegado a las tablas. Siempre con bonitos remates.\u00a0Despu\u00e9s, Hermoso de Mendoza\u00a0provoc\u00f3 el delirio de los asistentes con ajustadas piruetas en la cara del toro para concluir con\u00a0<strong>una faena cumbre y sublime, premiada con las dos orejas. No tuvo tanta suerte con el cuarto de la tarde. &#8216;<\/strong>Zapatero&#8217; de nombre de 465 kilos al que par\u00f3 de salida con Zelador para seguidamente <strong>sacar a su caballo estrella, Disparate,\u00a0poderoso en todos los terrenos y con una torer\u00eda abrumadora form\u00f3 un l\u00edo con su ya conocido repertorio. Emborron\u00f3 la faena al no estar acertado con el rej\u00f3n de muerte.<\/strong><\/p>\n<p><strong><img class=\"alignnone\" src=\"http:\/\/www.tribunasalamanca.com\/images\/images\/toro%201%20%288%29.JPG\" alt=\"\" \/><\/strong><\/p>\n<p><em><strong>Hermoso de Mendoza en La Glorieta (Fotos: De de la Pe\u00f1a)<\/strong><\/em><\/p>\n<p>El segundo que sali\u00f3 de chiiqueros le toc\u00f3 en suerte a <strong>Sergio Gal\u00e1n.<\/strong> Toro parado y sin ritmo con el que el rejoneador lo intent\u00f3 todo. Fue todo disposici\u00f3n en una faena que <strong>no lleg\u00f3 a calar en los tendidos. <\/strong>Montando a &#8216;Tit\u00e1n&#8217; realiz\u00f3 varios quiebros en solitario por la poca movilidad de su oponente. El rejonazo le vali\u00f3 un trofeo. En el segundo de su lote, que hac\u00eda quinto de la tarde el caballero se enfrent\u00f3 a &#8216;Jabalino&#8217;.<strong> Toro con nobleza y no mucho recorrido con el que alcanz\u00f3 la cima montando a &#8216;Apolo&#8217;,<\/strong>bell\u00edsimo animal de capa perla que realiz\u00f3 varios ejercicios de alta escuela en la cara del toro y con el que Sergio puso dos pares a dos manos memorables. Rej\u00f3n que le di\u00f3 la llave para abrir la Puerta Grande de La Glorieta.<\/p>\n<p><img class=\"aligncenter\" src=\"http:\/\/www.tribunasalamanca.com\/images\/images\/toro%201%20%2855%29.JPG\" alt=\"\" \/><\/p>\n<p><em><strong>Sergio Gal\u00e1n paseando un ap\u00e9ndice a uno de sus toros<\/strong><\/em><\/p>\n<p>Hizo su presentaci\u00f3n la francesa,<strong> Lea Vicens, <\/strong>que finalmente <strong>se proclam\u00f3 triunfadora de la tarde.<\/strong> Dej\u00f3 patente su clasicismo, gran asiento sobre la montura y el gran momento que atraviesa su cuadra. Sobre<strong>&#8216;Diluvio&#8217;,\u00a0&#8216;Gacela&#8217; y &#8216;Basura&#8217; di\u00f3 un recital de toreo de poder a poder<\/strong>clavando banderillas al sesgo y con grandes quiebros, rematando con esa habilidad que posee para el rej\u00f3n de muerte. Cort\u00f3 tres ap\u00e9ndices.<\/p>\n<p><img src=\"http:\/\/www.tribunasalamanca.com\/images\/images\/toro%201%20%2863%29.JPG\" alt=\"\" \/><\/p>\n<p><em><strong>La francesa Lea Vicens fue la triunfadora de la tarde<\/strong><\/em><\/p>\n<p>&nbsp;<\/p>\n<\/div>\n<\/article>\n<\/div>\n<\/div>\n<\/div>\n<\/div>\n","protected":false},"excerpt":{"rendered":"<p>\u00a0 \u00a0 \u00a0 \u00a0 \u00a0 \u00a0 \u00a0 \u00a0 \u00a0 \u00a0 \u00a0 \u00a0 \u00a0 \u00a0 \u00a0 \u00a0 \u00a0 \u00a0 \u00a0 \u00a0&#8230;<\/p>\n","protected":false},"author":4,"featured_media":1796,"comment_status":"open","ping_status":"open","sticky":false,"template":"","format":"standard","meta":[],"categories":[19],"tags":[],"_links":{"self":[{"href":"https:\/\/leavicens.com\/fr_FR\/wp-json\/wp\/v2\/posts\/1795"}],"collection":[{"href":"https:\/\/leavicens.com\/fr_FR\/wp-json\/wp\/v2\/posts"}],"about":[{"href":"https:\/\/leavicens.com\/fr_FR\/wp-json\/wp\/v2\/types\/post"}],"author":[{"embeddable":true,"href":"https:\/\/leavicens.com\/fr_FR\/wp-json\/wp\/v2\/users\/4"}],"replies":[{"embeddable":true,"href":"https:\/\/leavicens.com\/fr_FR\/wp-json\/wp\/v2\/comments?post=1795"}],"version-history":[{"count":3,"href":"https:\/\/leavicens.com\/fr_FR\/wp-json\/wp\/v2\/posts\/1795\/revisions"}],"predecessor-version":[{"id":1802,"href":"https:\/\/leavicens.com\/fr_FR\/wp-json\/wp\/v2\/posts\/1795\/revisions\/1802"}],"wp:featuredmedia":[{"embeddable":true,"href":"https:\/\/leavicens.com\/fr_FR\/wp-json\/wp\/v2\/media\/1796"}],"wp:attachment":[{"href":"https:\/\/leavicens.com\/fr_FR\/wp-json\/wp\/v2\/media?parent=1795"}],"wp:term":[{"taxonomy":"category","embeddable":true,"href":"https:\/\/leavicens.com\/fr_FR\/wp-json\/wp\/v2\/categories?post=1795"},{"taxonomy":"post_tag","embeddable":true,"href":"https:\/\/leavicens.com\/fr_FR\/wp-json\/wp\/v2\/tags?post=1795"}],"curies":[{"name":"wp","href":"https:\/\/api.w.org\/{rel}","templated":true}]}}