{"id":1799,"date":"2016-09-26T20:24:34","date_gmt":"2016-09-26T18:24:34","guid":{"rendered":"http:\/\/leavicens.com\/?p=1799"},"modified":"2016-09-26T20:24:44","modified_gmt":"2016-09-26T18:24:44","slug":"salamanca-la-puerta-grande-se-abre-para-mendoza-galan-y-vicens-en-la-despedida-de-la-feria","status":"publish","type":"post","link":"https:\/\/leavicens.com\/fr_FR\/salamanca-la-puerta-grande-se-abre-para-mendoza-galan-y-vicens-en-la-despedida-de-la-feria\/","title":{"rendered":"SALAMANCA. LA PUERTA GRANDE SE ABRE PARA MENDOZA, GAL\u00c1N Y VICENS EN LA DESPEDIDA DE LA FERIA"},"content":{"rendered":"<div id=\"header-wrap\" class=\"clr\">\n<header id=\"header\" class=\"site-header clr\">\n<div id=\"logo\" class=\"clr\">\n<div class=\"site-img-logo clr\">\n<h1 id=\"logo\"><img class=\"aligncenter\" src=\"http:\/\/www.salamanca24horas.com\/sites\/all\/themes\/salamanca24horas\/logo.png\" alt=\"Noticias y Actualidad de Salamanca\" \/><\/h1>\n<\/div>\n<\/div>\n<\/header>\n<\/div>\n<div id=\"main\" class=\"site-main clr\">\n<div id=\"primary\" class=\"content-area clr\">\n<section id=\"content\" class=\"site-content left-content clr\">\n<div id=\"content-wrap\">\n<h1 class=\"page-title\" style=\"text-align: center;\">La Puerta Grande se abre para Mendoza, Gal\u00e1n y\u00a0Vicens en la despedida de la feria<\/h1>\n<div class=\"field field-name-field-categoria field-type-taxonomy-term-reference field-label-hidden\">\n<div class=\"field-items\">\n<div class=\"field-item even\"><a href=\"http:\/\/www.salamanca24horas.com\/archivo\/toros\">TOROS<\/a><\/div>\n<\/div>\n<\/div>\n<ul class=\"meta clr clearfix\">\n<li>\n<div class=\"field field-name-field-escrito-por field-type-text field-label-hidden\">\n<div class=\"field-items\">\n<div class=\"field-item even\">Juan Jos\u00e9 Diez<\/div>\n<\/div>\n<\/div>\n<\/li>\n<li><i class=\"fa fa-clock-o\"><\/i> 21 Septiembre 2016<img loading=\"lazy\" class=\"alignnone\" src=\"http:\/\/www.salamanca24horas.com\/sites\/default\/files\/styles\/scroll1\/public\/field\/image\/jota0060_redimensionar_15.jpg?itok=UZ83I05N\" width=\"727\" height=\"484\" \/><\/li>\n<\/ul>\n<div class=\"content\">\n<div class=\"field field-name-field-image field-type-image field-label-hidden\">\n<div class=\"field-items\">\n<div class=\"field-item even\">\n<div class=\"camara\">\n<div class=\"text_camara\"><span style=\"text-decoration: underline;\">FOTOS<\/span><\/div>\n<\/div>\n<\/div>\n<\/div>\n<\/div>\n<div class=\"entradilla\"><strong>Pablo Hermoso de Mendoza, dos orejas y silencio; Sergio Gal\u00e1n, una oreja y una oreja; Lea Vicens, dos orejas y una oreja. Tres cuartos de entrada en La Glorieta<\/strong><\/div>\n<div class=\"field field-name-body field-type-text-with-summary field-label-hidden\">\n<div class=\"field-items\">\n<div class=\"field-item even\">\n<p>\u00faltima de abono. Rompe el pase\u00edllo. Gran ambiente en los tendidos de La Glorieta en tarde soleada y con temperatura muy agradable. Aproximadamente tres cuartos de entrada.<\/p>\n<p><strong>PRIMER TORO (PABLO HERMOSO DE MENDOZA, 2 OREJAS)<\/strong><br \/>\nSalta al ruedo Flor de Lis, toro negro de 470 kilos.\u00a0Lo para Pablo Hermoso de Mendoza con Alquimista. Pero vibra el p\u00fablico con Berl\u00edn y Donatelli en el tercio de banderillas. El toro, con ritmo. Rej\u00f3n muy efectivo. Dos orejas para Pablo Hermoso de Mendoza y toro ovacionado en el arrastre.<\/p>\n<p><strong>SEGUNDO TORO (SERGIO GAL\u00c1N, 1 OREJA)<\/strong><br \/>\nSegundo de la tarde, Ranito. M\u00e1s complicado. Esfuerzo de Sergio Gal\u00e1n. Gran labor del rejoneador ante este toro. Entierra el rej\u00f3n definitivo pero tarda en doblar el toro. Al final cae y Sergio Gal\u00e1n se lleva una oreja de su faena.<\/p>\n<p><strong>TERCER TORO (LEA VICENS, 2 OREJAS)<\/strong><br \/>\nLea Vicens, interesante a lomos de Gacela. Impresionante quiebro y banderilla. Cita al toro desde los medios y ejecuta muy bien la suerte. Limpieza en la faena de Lea, templando mucho. Ya con Espont\u00e1neo y el rej\u00f3n de muerte pidiendo La Glorieta la oreja con fuerza. Finalmente, dos orejas para Lea.<\/p>\n<p><strong>CUARTO TORO (PABLO HERMOSO DE MENDOZA, SILENCIO)<\/strong><br \/>\nDevuelto el cuarto tras lesionarse la mano izquierda. Saldr\u00e1 Zapatero, el primer sobrero, de la misma ganader\u00eda. Maestr\u00eda de Pablo Hermoso.Hermosinas de mucha belleza. Templando, maravillosos los caballos. Metisaca con el rej\u00f3n de muerte que sirve para que el toro doble. Divisi\u00f3n de opiniones para Hermoso. Silencio en su segundo.<\/p>\n<p><strong>QUINTO TORO (SERGIO GAL\u00c1N, 1 OREJA)<\/strong><br \/>\nMuy entregado y con mucha raza el de Gal\u00e1n con Jabalino en los inicios de la faena. Dos pares de banderillas soltando las riendas ponen en pie a la plaza. Cierra faena con tres banderillas cortas y un sem\u00e1foro. Dos pinchazos y estocada. Oreja para Sergio Gal\u00e1n en el quinto de la tarde aunque a buen seguro haya podido\u00a0tratarse de la mejor faena de la tarde.<\/p>\n<p><strong>SEXTO TORO (LEA VICENS, 1 OREJA)<\/strong><br \/>\nSale otro Jabalino al ruedo. \u00danico rej\u00f3n de castigo para este de \u00c1ngel S\u00e1nchez. Bonitos quiebros de Lea Vicens con Gacela y rosas para terminar una faena muy completa. Dos pinchazos y estocada. Saca el descabello. \u00danico descabello y el toro cae a la primera. Oreja para Lea Vicens para el \u00faltimo de la tard<\/p>\n<\/div>\n<\/div>\n<\/div>\n<\/div>\n<\/div>\n<\/section>\n<\/div>\n<\/div>\n","protected":false},"excerpt":{"rendered":"<p>La Puerta Grande se abre para Mendoza, Gal\u00e1n y\u00a0Vicens en la despedida de la feria TOROS Juan Jos\u00e9 Diez 21&#8230;<\/p>\n","protected":false},"author":4,"featured_media":1800,"comment_status":"open","ping_status":"open","sticky":false,"template":"","format":"standard","meta":[],"categories":[19],"tags":[],"_links":{"self":[{"href":"https:\/\/leavicens.com\/fr_FR\/wp-json\/wp\/v2\/posts\/1799"}],"collection":[{"href":"https:\/\/leavicens.com\/fr_FR\/wp-json\/wp\/v2\/posts"}],"about":[{"href":"https:\/\/leavicens.com\/fr_FR\/wp-json\/wp\/v2\/types\/post"}],"author":[{"embeddable":true,"href":"https:\/\/leavicens.com\/fr_FR\/wp-json\/wp\/v2\/users\/4"}],"replies":[{"embeddable":true,"href":"https:\/\/leavicens.com\/fr_FR\/wp-json\/wp\/v2\/comments?post=1799"}],"version-history":[{"count":1,"href":"https:\/\/leavicens.com\/fr_FR\/wp-json\/wp\/v2\/posts\/1799\/revisions"}],"predecessor-version":[{"id":1801,"href":"https:\/\/leavicens.com\/fr_FR\/wp-json\/wp\/v2\/posts\/1799\/revisions\/1801"}],"wp:featuredmedia":[{"embeddable":true,"href":"https:\/\/leavicens.com\/fr_FR\/wp-json\/wp\/v2\/media\/1800"}],"wp:attachment":[{"href":"https:\/\/leavicens.com\/fr_FR\/wp-json\/wp\/v2\/media?parent=1799"}],"wp:term":[{"taxonomy":"category","embeddable":true,"href":"https:\/\/leavicens.com\/fr_FR\/wp-json\/wp\/v2\/categories?post=1799"},{"taxonomy":"post_tag","embeddable":true,"href":"https:\/\/leavicens.com\/fr_FR\/wp-json\/wp\/v2\/tags?post=1799"}],"curies":[{"name":"wp","href":"https:\/\/api.w.org\/{rel}","templated":true}]}}