{"id":1826,"date":"2016-10-16T22:37:02","date_gmt":"2016-10-16T20:37:02","guid":{"rendered":"http:\/\/leavicens.com\/?p=1826"},"modified":"2016-10-22T11:14:27","modified_gmt":"2016-10-22T09:14:27","slug":"sublime-pablo-hermoso-y-susto-de-lea-vicens","status":"publish","type":"post","link":"https:\/\/leavicens.com\/fr_FR\/sublime-pablo-hermoso-y-susto-de-lea-vicens\/","title":{"rendered":"SUBLIME PABLO HERMOSO Y SUSTO DE L\u00c9A VICENS"},"content":{"rendered":"<p><a href=\"http:\/\/leavicens.com\/lvicens\/wp-content\/uploads\/2016\/10\/Sin-t--tulo-1.jpg\"><img loading=\"lazy\" class=\"size-medium wp-image-1828 aligncenter\" src=\"http:\/\/leavicens.com\/lvicens\/wp-content\/uploads\/2016\/10\/Sin-t--tulo-1-300x74.jpg\" alt=\"sin-titulo-1\" width=\"300\" height=\"74\" \/><\/a><\/p>\n<p style=\"text-align: center;\"><strong>Sublime Pablo Hermoso y susto de Lea Vicens<\/strong><\/p>\n<p>El jinete navarro cort\u00f3 dos orejas y pudo salir por la puerta grande. P\u00e9rez Langa march\u00f3 de vac\u00edo en la tarde de su alternativa.<\/p>\n<p><strong>Texto: Javier Clavero \/ Fotos: Toni Gal\u00e1n<\/strong><\/p>\n<p><a href=\"http:\/\/leavicens.com\/lvicens\/wp-content\/uploads\/2016\/10\/Pilar201622040956_77c062e0.jpg\"><img loading=\"lazy\" class=\"size-medium wp-image-1829 aligncenter\" src=\"http:\/\/leavicens.com\/lvicens\/wp-content\/uploads\/2016\/10\/Pilar201622040956_77c062e0-300x200.jpg\" alt=\"_pilar201622040956_77c062e0\" width=\"300\" height=\"200\" \/><\/a><\/p>\n<p>Un soberbio\u00a0Pablo Hermoso de Menzoza\u00a0se erigi\u00f3 como el gran triunfador del \u00faltimo festejo de la Feria del Pilar. El jinete navarro cort\u00f3 dos orejas -una a cada ejemplar de su lote- y pudo salir por la puerta grande de haber tenido m\u00e1s acierto con los aceros. El presidente, Francisco Bentue, acert\u00f3 al negarle el segundo ap\u00e9ndice tras pinchar una labor encomiable. Dio un recital de recursos y elegancia frente a un manso y parado -como el grueso del encierro- de\u00a0Ferm\u00edn Boh\u00f3rquez\u00a0al que termin\u00f3 haciendo v\u00e1lido.<\/p>\n<p>Asentado sobre su distinguido concepto cl\u00e1sico, tore\u00f3 con gusto y variedad, y supo encubrir la acentuada querencia de su adversario hacia las tablas con est\u00e9ticos adornos. Quiebros ajustados, piruetas ce\u00f1idas y templadas, hermosinas&#8230; Todo con una seguridad b\u00e1rbara. De haber introducido el rej\u00f3n de muerte a la primera, hubiese a\u00f1adido otra salida a hombros -lleva m\u00e1s de 1.500- a\u00a0<a href=\"http:\/\/www.heraldo.es\/noticias\/suplementos\/fiestas-del-pilar\/2016\/10\/16\/pablo-hermoso-jinete-caballo-pueden-llegar-unirse-alma-1099408-1711024.html\">su dilatada y magistral trayectoria.<\/a><\/p>\n<p>Antes, con su primero, de mayor transmisi\u00f3n, hab\u00eda arrancado otra oreja. Sobresali\u00f3 su actuaci\u00f3n al quiebro a lomos de &#8216;Berl\u00edn&#8217; y, c\u00f3mo no, la habilidad de &#8216;Disparate&#8217;, su caballo estrella. Est\u00e1 vez s\u00ed mat\u00f3 al primer intento, pero el rej\u00f3n no cay\u00f3 en buen sitio.<\/p>\n<p><a href=\"http:\/\/leavicens.com\/lvicens\/wp-content\/uploads\/2016\/10\/Pilar201622040953_62eefb74.jpg\"><img loading=\"lazy\" class=\"size-medium wp-image-1830 aligncenter\" src=\"http:\/\/leavicens.com\/lvicens\/wp-content\/uploads\/2016\/10\/Pilar201622040953_62eefb74-300x200.jpg\" alt=\"_pilar201622040953_62eefb74\" width=\"300\" height=\"200\" \/><\/a><br \/>\nEl gran susto de la corrida se lo llev\u00f3\u00a0Lea Vicens, descabalgada y golpeada por el quinto de la tarde. Ocurri\u00f3 en un quiebro -montando a &#8216;Gacela&#8217;- en el que quiso ajustar demasiado y el toro, complicado por manso y descastado, acometi\u00f3 para dejarla a merced en el suelo y lanzar varios derrotes sin consecuencias. La francesa se repuso y volvi\u00f3 (valiente y sobrexcitada) junto a B\u00e9tico, que protagoniz\u00f3 los lances m\u00e1s bellos del final de faena. Su adversario, totalmente detenido, dificult\u00f3 la suerte suprema y acumul\u00f3 tres pinchazos y un infame bajonazo. Escuch\u00f3 la ovaci\u00f3n de reconocimiento a su gran actuaci\u00f3n, y es que antes hab\u00eda estado formidable con el importante tercero.<\/p>\n<p>Este -&#8216;Villancico&#8217; de nombre- s\u00ed tuvo movilidad, y Lea lo aprovech\u00f3 para exponer su clase. T\u00e9cnica y finura a partes iguales. Clav\u00f3 los palos con solvencia, y se gust\u00f3 junto a &#8216;Desaf\u00edo&#8217;, que llev\u00f3 el delirio a los tendidos. Galop\u00f3 con expresi\u00f3n de perfil, antes de que la amazona marchara a por, &#8216;Jazm\u00edn&#8217;, el otro rey de la cuadra. Acab\u00f3 con \u00e9l y mat\u00f3 de rejonazo trasero. El toro tard\u00f3 en echarse y us\u00f3 hasta tres veces el descabello. As\u00ed perdi\u00f3 la opci\u00f3n de cobrar una oreja. Dio la vuelta al ruedo escuchando una gran ovaci\u00f3n.<\/p>\n<p><a href=\"http:\/\/leavicens.com\/lvicens\/wp-content\/uploads\/2016\/10\/Pilar201622040767_0a9fee27.jpg\"><img loading=\"lazy\" class=\"size-medium wp-image-1831 aligncenter\" src=\"http:\/\/leavicens.com\/lvicens\/wp-content\/uploads\/2016\/10\/Pilar201622040767_0a9fee27-300x200.jpg\" alt=\"_pilar201622040767_0a9fee27\" width=\"300\" height=\"200\" \/><\/a> Casi tan ruidosa como la recibida de entrada por\u00a0Mario P\u00e9rez Langa. En la tarde de su alternativa -la recibi\u00f3 de manos de Pablo Hermoso-, estuvo arropado por la Comunidad de Calatayud, donde reside. Pancartas de la asociaci\u00f3n ecuestre de la localidad, de Villafeliche&#8230; El lleno aparente que registraron los tendidos vino asociado a sus partidarios. Los que le llevaron a dar dos vueltas al ruedo que no proced\u00edan. Con su primero, el joven rejoneador tard\u00f3 en quitarse los nervios propios de la ceremonia y estuvo despegado. Despu\u00e9s -tras soltarse un poco- se ajust\u00f3 al galope, pero fall\u00f3 repetidas veces al quiebro. Derroch\u00f3 ganas y voluntad; le falt\u00f3 acierto. Su lote, parado, tampoco ayud\u00f3.<\/p>\n<p><span style=\"text-decoration: underline;\"><em><strong>Fuente:<\/strong><\/em><\/span><\/p>\n<p>http:\/\/www.heraldo.es\/noticias\/suplementos\/fiestas-del-pilar\/2016\/10\/16\/sublime-pablo-hermoso-susto-lea-vicens-1114020-1711024.html<\/p>\n<div id=\"shareBarGigya_gig_containerParent\" class=\"brd-b con marg-btt-f5 \"><\/div>\n","protected":false},"excerpt":{"rendered":"<p>Sublime Pablo Hermoso y susto de Lea Vicens El jinete navarro cort\u00f3 dos orejas y pudo salir por la puerta&#8230;<\/p>\n","protected":false},"author":4,"featured_media":1827,"comment_status":"open","ping_status":"open","sticky":false,"template":"","format":"standard","meta":[],"categories":[19],"tags":[],"_links":{"self":[{"href":"https:\/\/leavicens.com\/fr_FR\/wp-json\/wp\/v2\/posts\/1826"}],"collection":[{"href":"https:\/\/leavicens.com\/fr_FR\/wp-json\/wp\/v2\/posts"}],"about":[{"href":"https:\/\/leavicens.com\/fr_FR\/wp-json\/wp\/v2\/types\/post"}],"author":[{"embeddable":true,"href":"https:\/\/leavicens.com\/fr_FR\/wp-json\/wp\/v2\/users\/4"}],"replies":[{"embeddable":true,"href":"https:\/\/leavicens.com\/fr_FR\/wp-json\/wp\/v2\/comments?post=1826"}],"version-history":[{"count":2,"href":"https:\/\/leavicens.com\/fr_FR\/wp-json\/wp\/v2\/posts\/1826\/revisions"}],"predecessor-version":[{"id":1833,"href":"https:\/\/leavicens.com\/fr_FR\/wp-json\/wp\/v2\/posts\/1826\/revisions\/1833"}],"wp:featuredmedia":[{"embeddable":true,"href":"https:\/\/leavicens.com\/fr_FR\/wp-json\/wp\/v2\/media\/1827"}],"wp:attachment":[{"href":"https:\/\/leavicens.com\/fr_FR\/wp-json\/wp\/v2\/media?parent=1826"}],"wp:term":[{"taxonomy":"category","embeddable":true,"href":"https:\/\/leavicens.com\/fr_FR\/wp-json\/wp\/v2\/categories?post=1826"},{"taxonomy":"post_tag","embeddable":true,"href":"https:\/\/leavicens.com\/fr_FR\/wp-json\/wp\/v2\/tags?post=1826"}],"curies":[{"name":"wp","href":"https:\/\/api.w.org\/{rel}","templated":true}]}}