{"id":1840,"date":"2016-10-21T11:08:57","date_gmt":"2016-10-21T09:08:57","guid":{"rendered":"http:\/\/leavicens.com\/?p=1840"},"modified":"2016-11-06T13:14:42","modified_gmt":"2016-11-06T11:14:42","slug":"lea-vicens-quiero-pelear-dia-a-dia-con-las-figuras-ahora-mandan-dos","status":"publish","type":"post","link":"https:\/\/leavicens.com\/fr_FR\/lea-vicens-quiero-pelear-dia-a-dia-con-las-figuras-ahora-mandan-dos\/","title":{"rendered":"L\u00c9A VICENS, \u00abQUIERO PELEAR D\u00cdA A D\u00cdA CON LAS FIGURAS\u00bb&#8230;AHORA MANDAN DOS"},"content":{"rendered":"<h5 style=\"text-align: center;\"><strong>\u2018Quiero pelear d\u00eda a d\u00eda con las figuras y, mandar, ya sabemos\u2026 mandan dos\u2019<\/strong><\/h5>\n<p><strong>*.- \u00a0\u2018Desde Jerez el despegue de mi temporada ha sido incre\u00edble\u2019<\/strong><\/p>\n<p><strong>*.- \u00a0\u2018Ya no van a ir a ver qu\u00e9 tiene la ni\u00f1a, ahora van a exigirme\u2019<\/strong><\/p>\n<p><strong>*.- \u00a0\u2018Tengo admiraci\u00f3n por la personalidad y los valores que me han inculcado los Peralta\u2019<\/strong><\/p>\n<p><a href=\"http:\/\/leavicens.com\/lvicens\/wp-content\/uploads\/2016\/10\/Lea511.jpg\"><img loading=\"lazy\" class=\"size-medium wp-image-1842 aligncenter\" src=\"http:\/\/leavicens.com\/lvicens\/wp-content\/uploads\/2016\/10\/Lea511-300x260.jpg\" alt=\"lea511\" width=\"300\" height=\"260\" \/><\/a><\/p>\n<p><span style=\"text-decoration: underline;\"><strong>Texto:<\/strong><\/span>\u00a0<strong>Ismael del Prado \/ Mundotoro<\/strong><\/p>\n<p style=\"text-align: justify;\">Dec\u00eda Nietzsche que<strong> \u2018una vez en la cumbre, la vereda m\u00e1s corta es moverse de cima en cima\u2019.<\/strong> Dicho y hecho para la rejoneadora <strong>Lea Vicens.<\/strong><strong>Sevilla, Jerez, Madrid, Bilbao, Ronda, Nimes, Zaragoza\u2026<\/strong> Riscos y m\u00e1s riscos, a cada cual m\u00e1s escarpado, con un denominador com\u00fan, el del triunfo. Su mejor aval para un 2017 en el que le aguarda <strong>\u2018un temporad\u00f3n grande\u2019<\/strong>, porque ya no ser\u00e1<strong> \u2018ni novedad, ni confirmaci\u00f3n, toca la consolidaci\u00f3n\u2019,<\/strong>pues no ir\u00e1n a la plaza <strong>\u2018a ver a la ni\u00f1a esta rejoneadora qu\u00e9 tiene\u2019<\/strong> sino para exigirla.<\/p>\n<p style=\"text-align: justify;\"><strong>\u2018Ha sido una temporada fant\u00e1stica, de menos a m\u00e1s, desde la Feria del Caballo en Jerez el despegue fue incre\u00edble, enseguida detr\u00e1s la oreja de Madrid, pero, sobre todo, las sensaciones: cada vez dominaba m\u00e1s los terrenos en las lidias, cada vez m\u00e1s acoplada con mi cuadra, domando, ligando y\u2026 triunfando casi todas las tardes, porque al final, el \u00e9xito es una consecuencia de todo ese trabajo bien hecho\u2019,<\/strong> analiza la amazona gala.<\/p>\n<p style=\"text-align: justify;\">Pese a todo, a Lea no le preocupa <strong>\u2018demasiado\u2019<\/strong> la presi\u00f3n de ese list\u00f3n de exigencia cada vez m\u00e1s elevado: <strong>\u2018Soy muy consciente de que me ver\u00e1n con otros ojos, pero la responsabilidad no ser\u00e1 mayor que la que ya he tenido este a\u00f1o, si voy con los deberes hechos como este a\u00f1o\u2026 No deber\u00eda tener mayores problemas, porque mi concepto ya lo tengo definido, ahora es cuesti\u00f3n de ahondar en ese clasicismo\u2019,<\/strong> analiza.<\/p>\n<p style=\"text-align: justify;\">Y es que la centaura nime\u00f1a, que no har\u00e1 temporada en Am\u00e9rica, est\u00e1 convencida de que el a\u00f1o pr\u00f3ximo se debe<strong> \u2018instalar definitivamente y pelear d\u00eda a d\u00eda con las figuras y, mandar, todos sabemos\u2026 Mandan dos\u2019<\/strong>. Ser<strong>\u2018torera de ferias\u2019,<\/strong> ese es el objetivo.<\/p>\n<p style=\"text-align: justify;\"><strong>\u2018No vamos a ir a Am\u00e9rica, porque quiero echar todo el invierno trabajando duro para preparar bien, a conciencia, la cuadra\u2019,<\/strong> a\u00f1ade antes de dejar escapar un lamento en voz alta.<strong> \u2018Es lo que m\u00e1s me fastidia del percance en Zaragoza, tener que esperar para empezar a trabajar de lleno con la cuadra del a\u00f1o que viene\u2019,<\/strong> suspira sobre un percance que<strong> \u2018ya pr\u00e1cticamente est\u00e1 olvidado, aunque est\u00e9 algo r\u00edgida a\u00fan\u2019<\/strong>.<\/p>\n<p><a href=\"http:\/\/leavicens.com\/lvicens\/wp-content\/uploads\/2016\/10\/Hawai511.jpg\"><img loading=\"lazy\" class=\"size-medium wp-image-1843 aligncenter\" src=\"http:\/\/leavicens.com\/lvicens\/wp-content\/uploads\/2016\/10\/Hawai511-300x241.jpg\" alt=\"hawai511\" width=\"300\" height=\"241\" \/><\/a><\/p>\n<p><em><strong><span style=\"text-decoration: underline;\">*.- \u2018Hawai\u2019,<\/span> una de las novedades en su cuadra para el a\u00f1o pr\u00f3ximo<\/strong>\u00a0<\/em><\/p>\n<p style=\"text-align: justify;\">En este sentido, <strong>Lea Vicens<\/strong> incluir\u00e1 tres novedades en su cuadra para el a\u00f1o venidero:<strong> \u2018Nadal\u2019, \u2018Petit pois\u2019<\/strong> -que ya incluso lleg\u00f3 a debutar este a\u00f1o en<strong>Villamart\u00edn<\/strong>&#8211; y \u2018<strong>Hawai<\/strong>\u2018. \u2018Estoy muy ilusionada con ellos, con ense\u00f1arles el camino desde la base, la doma de toda la vida\u2019, comenta.<\/p>\n<p style=\"text-align: justify;\">Quiz\u00e1s por ello, por ese punto de romanticismo, la rejoneadora incluso mira m\u00e1s all\u00e1 del pr\u00f3ximo curso:<strong> \u2018Tengo tambi\u00e9n ya escogidos cuatro potros, salvajes, que quiero empezar a domar estos meses sin temporada para tratar de incorporarlos\u2026 Ya para el 2018?.<\/strong><\/p>\n<p style=\"text-align: justify;\">Una carrera que no ha dejado de crecer en progresi\u00f3n geom\u00e9trica en los tres \u00faltimos a\u00f1os y en la que tiene mucho que ver alguien muy especial en su vida:<strong>\u2018Le debo mucho a los hermanos Peralta, me abrieron las puertas de su casa, me han ense\u00f1ado much\u00edsimo e intento todav\u00eda de aprender todo lo que puedo\u2026\u2019.<\/strong><\/p>\n<p style=\"text-align: justify;\">Un aprendizaje que trasciende lo netamente taurino. <strong>\u2018Ya no s\u00f3lo de su pureza, de su clasicismo, o de su facilidad para clavar en terrenos muy ajustados, sino especialmente su forma de ser, tengo admiraci\u00f3n por su personalidad y los valores que me han inculcado\u2019,<\/strong> agradece.<\/p>\n<p style=\"text-align: justify;\">Fruto de esa n\u00f3mada acogida en Sevilla, Lea tiene<strong> \u2018el coraz\u00f3n dividido\u2019<\/strong>.<strong> \u2018Vine desde muy peque\u00f1a, siempre me han tratado de maravilla, as\u00ed que ya tengo dos pa\u00edses, quiero a los dos con el alma\u2019.<\/strong> Alma torera, claro.<\/p>\n<p><span style=\"text-decoration: underline;\"><em><strong>Fuente:<\/strong><\/em><\/span><\/p>\n<p>http:\/\/www.mundotoro.com\/noticia\/ya-no-van-a-ir-a-ver-que-tiene-la-nina-ahora-van-a-exigirme\/1306734<\/p>\n","protected":false},"excerpt":{"rendered":"<p>\u2018Quiero pelear d\u00eda a d\u00eda con las figuras y, mandar, ya sabemos\u2026 mandan dos\u2019 *.- \u00a0\u2018Desde Jerez el despegue de&#8230;<\/p>\n","protected":false},"author":4,"featured_media":1857,"comment_status":"open","ping_status":"open","sticky":true,"template":"","format":"standard","meta":[],"categories":[19,20,1],"tags":[],"_links":{"self":[{"href":"https:\/\/leavicens.com\/fr_FR\/wp-json\/wp\/v2\/posts\/1840"}],"collection":[{"href":"https:\/\/leavicens.com\/fr_FR\/wp-json\/wp\/v2\/posts"}],"about":[{"href":"https:\/\/leavicens.com\/fr_FR\/wp-json\/wp\/v2\/types\/post"}],"author":[{"embeddable":true,"href":"https:\/\/leavicens.com\/fr_FR\/wp-json\/wp\/v2\/users\/4"}],"replies":[{"embeddable":true,"href":"https:\/\/leavicens.com\/fr_FR\/wp-json\/wp\/v2\/comments?post=1840"}],"version-history":[{"count":5,"href":"https:\/\/leavicens.com\/fr_FR\/wp-json\/wp\/v2\/posts\/1840\/revisions"}],"predecessor-version":[{"id":1861,"href":"https:\/\/leavicens.com\/fr_FR\/wp-json\/wp\/v2\/posts\/1840\/revisions\/1861"}],"wp:featuredmedia":[{"embeddable":true,"href":"https:\/\/leavicens.com\/fr_FR\/wp-json\/wp\/v2\/media\/1857"}],"wp:attachment":[{"href":"https:\/\/leavicens.com\/fr_FR\/wp-json\/wp\/v2\/media?parent=1840"}],"wp:term":[{"taxonomy":"category","embeddable":true,"href":"https:\/\/leavicens.com\/fr_FR\/wp-json\/wp\/v2\/categories?post=1840"},{"taxonomy":"post_tag","embeddable":true,"href":"https:\/\/leavicens.com\/fr_FR\/wp-json\/wp\/v2\/tags?post=1840"}],"curies":[{"name":"wp","href":"https:\/\/api.w.org\/{rel}","templated":true}]}}