{"id":1997,"date":"2017-01-30T21:25:17","date_gmt":"2017-01-30T19:25:17","guid":{"rendered":"http:\/\/leavicens.com\/?p=1997"},"modified":"2017-01-30T21:26:21","modified_gmt":"2017-01-30T19:26:21","slug":"lea-vicens-mano-a-mano-con-pablo-hermoso-en-istres","status":"publish","type":"post","link":"https:\/\/leavicens.com\/fr_FR\/lea-vicens-mano-a-mano-con-pablo-hermoso-en-istres\/","title":{"rendered":"L\u00c9A VICENS, &#8216;MANO A MANO&#8217; CON PABLO HERMOSO EN ISTRES (FRANCIA)"},"content":{"rendered":"<p style=\"text-align: justify;\"><a href=\"http:\/\/leavicens.com\/lvicens\/wp-content\/uploads\/2017\/01\/Mundo.jpg\"><img loading=\"lazy\" class=\"size-medium wp-image-1998 aligncenter\" src=\"http:\/\/leavicens.com\/lvicens\/wp-content\/uploads\/2017\/01\/Mundo-300x202.jpg\" alt=\"\" width=\"300\" height=\"202\" \/><\/a>La Feria Taurina de Istres vivir\u00e1 un gran acontecimiento el pr\u00f3ximo domingo 25 de junio. <strong>L\u00e9a Vicens<\/strong> y Pablo Hermoso de Mendoza, protagonizar\u00e1n una jornada hist\u00f3rica en un lujoso &#8216;Mano a Mano&#8217;. Un cartel estelar para una de las grandes citas de la temporada.<\/p>\n<p style=\"text-align: justify;\"><strong>Domingo 25 de junio. <\/strong>(Matinal)<\/p>\n<p style=\"text-align: justify;\">\u2018Mano a Mano\u2019<\/p>\n<p style=\"text-align: justify;\">Toros de\u00a0<strong>Capea<\/strong> para <strong>Pablo Hermoso de Mendoza<\/strong> y<strong> L\u00e9a Vicens.<\/strong><\/p>\n","protected":false},"excerpt":{"rendered":"<p>La Feria Taurina de Istres vivir\u00e1 un gran acontecimiento el pr\u00f3ximo domingo 25 de junio. L\u00e9a Vicens y Pablo Hermoso&#8230;<\/p>\n","protected":false},"author":4,"featured_media":1999,"comment_status":"open","ping_status":"open","sticky":true,"template":"","format":"standard","meta":[],"categories":[20,1],"tags":[],"_links":{"self":[{"href":"https:\/\/leavicens.com\/fr_FR\/wp-json\/wp\/v2\/posts\/1997"}],"collection":[{"href":"https:\/\/leavicens.com\/fr_FR\/wp-json\/wp\/v2\/posts"}],"about":[{"href":"https:\/\/leavicens.com\/fr_FR\/wp-json\/wp\/v2\/types\/post"}],"author":[{"embeddable":true,"href":"https:\/\/leavicens.com\/fr_FR\/wp-json\/wp\/v2\/users\/4"}],"replies":[{"embeddable":true,"href":"https:\/\/leavicens.com\/fr_FR\/wp-json\/wp\/v2\/comments?post=1997"}],"version-history":[{"count":2,"href":"https:\/\/leavicens.com\/fr_FR\/wp-json\/wp\/v2\/posts\/1997\/revisions"}],"predecessor-version":[{"id":2001,"href":"https:\/\/leavicens.com\/fr_FR\/wp-json\/wp\/v2\/posts\/1997\/revisions\/2001"}],"wp:featuredmedia":[{"embeddable":true,"href":"https:\/\/leavicens.com\/fr_FR\/wp-json\/wp\/v2\/media\/1999"}],"wp:attachment":[{"href":"https:\/\/leavicens.com\/fr_FR\/wp-json\/wp\/v2\/media?parent=1997"}],"wp:term":[{"taxonomy":"category","embeddable":true,"href":"https:\/\/leavicens.com\/fr_FR\/wp-json\/wp\/v2\/categories?post=1997"},{"taxonomy":"post_tag","embeddable":true,"href":"https:\/\/leavicens.com\/fr_FR\/wp-json\/wp\/v2\/tags?post=1997"}],"curies":[{"name":"wp","href":"https:\/\/api.w.org\/{rel}","templated":true}]}}