{"id":2009,"date":"2017-02-04T18:13:30","date_gmt":"2017-02-04T16:13:30","guid":{"rendered":"http:\/\/leavicens.com\/?p=2009"},"modified":"2017-03-10T23:49:02","modified_gmt":"2017-03-10T21:49:02","slug":"lea-vicens-hara-el-paseillo-en-fallas","status":"publish","type":"post","link":"https:\/\/leavicens.com\/fr_FR\/lea-vicens-hara-el-paseillo-en-fallas\/","title":{"rendered":"L\u00c9A VICENS, HAR\u00c1 EL PASE\u00cdLLO EN FALLAS"},"content":{"rendered":"<p><strong>L\u00e9a Vicens,<\/strong> har\u00e1 el pase\u00edllo en una nueva edici\u00f3n de la Feria de Fallas. La cita ser\u00e1 el d\u00eda de grande de Fallas, festividad del Patriarca San Jos\u00e9.<\/p>\n<p>Domingo 19 de marzo 2017: (Matinal de rejones)<\/p>\n<p>Toros de Ferm\u00edn Boh\u00f3rquez para Diego Ventura, Manuel Manzanares y <strong>Lea Vicens<\/strong>.<\/p>\n<p>Fuente: <strong>Redacci\u00f3n<\/strong> \/ Foto: <strong>Archivo<\/strong><\/p>\n","protected":false},"excerpt":{"rendered":"<p>L\u00e9a Vicens, har\u00e1 el pase\u00edllo en una nueva edici\u00f3n de la Feria de Fallas. La cita ser\u00e1 el d\u00eda de&#8230;<\/p>\n","protected":false},"author":4,"featured_media":2006,"comment_status":"open","ping_status":"open","sticky":true,"template":"","format":"standard","meta":[],"categories":[20,1],"tags":[],"_links":{"self":[{"href":"https:\/\/leavicens.com\/fr_FR\/wp-json\/wp\/v2\/posts\/2009"}],"collection":[{"href":"https:\/\/leavicens.com\/fr_FR\/wp-json\/wp\/v2\/posts"}],"about":[{"href":"https:\/\/leavicens.com\/fr_FR\/wp-json\/wp\/v2\/types\/post"}],"author":[{"embeddable":true,"href":"https:\/\/leavicens.com\/fr_FR\/wp-json\/wp\/v2\/users\/4"}],"replies":[{"embeddable":true,"href":"https:\/\/leavicens.com\/fr_FR\/wp-json\/wp\/v2\/comments?post=2009"}],"version-history":[{"count":2,"href":"https:\/\/leavicens.com\/fr_FR\/wp-json\/wp\/v2\/posts\/2009\/revisions"}],"predecessor-version":[{"id":2061,"href":"https:\/\/leavicens.com\/fr_FR\/wp-json\/wp\/v2\/posts\/2009\/revisions\/2061"}],"wp:featuredmedia":[{"embeddable":true,"href":"https:\/\/leavicens.com\/fr_FR\/wp-json\/wp\/v2\/media\/2006"}],"wp:attachment":[{"href":"https:\/\/leavicens.com\/fr_FR\/wp-json\/wp\/v2\/media?parent=2009"}],"wp:term":[{"taxonomy":"category","embeddable":true,"href":"https:\/\/leavicens.com\/fr_FR\/wp-json\/wp\/v2\/categories?post=2009"},{"taxonomy":"post_tag","embeddable":true,"href":"https:\/\/leavicens.com\/fr_FR\/wp-json\/wp\/v2\/tags?post=2009"}],"curies":[{"name":"wp","href":"https:\/\/api.w.org\/{rel}","templated":true}]}}