{"id":2062,"date":"2017-03-11T00:03:56","date_gmt":"2017-03-10T22:03:56","guid":{"rendered":"http:\/\/leavicens.com\/?p=2062"},"modified":"2017-03-11T00:10:27","modified_gmt":"2017-03-10T22:10:27","slug":"lea-vicens-unica-en-la-presentacion-de-san-isidro","status":"publish","type":"post","link":"https:\/\/leavicens.com\/fr_FR\/lea-vicens-unica-en-la-presentacion-de-san-isidro\/","title":{"rendered":"L\u00c9A VICENS, \u00daNICA EN LA PRESENTACI\u00d3N DE SAN ISIDRO"},"content":{"rendered":"<p><a href=\"http:\/\/leavicens.com\/lvicens\/wp-content\/uploads\/2017\/03\/MAD_0088.jpg\"><img loading=\"lazy\" class=\"size-medium wp-image-2063 aligncenter\" src=\"http:\/\/leavicens.com\/lvicens\/wp-content\/uploads\/2017\/03\/MAD_0088-223x300.jpg\" alt=\"\" width=\"223\" height=\"300\" \/><\/a> <a href=\"http:\/\/leavicens.com\/lvicens\/wp-content\/uploads\/2017\/03\/Plaza-222.jpg\"><img loading=\"lazy\" class=\"size-medium wp-image-2065 alignright\" src=\"http:\/\/leavicens.com\/lvicens\/wp-content\/uploads\/2017\/03\/Plaza-222-300x199.jpg\" alt=\"\" width=\"300\" height=\"199\" \/><\/a><\/p>\n<p><a href=\"http:\/\/leavicens.com\/lvicens\/wp-content\/uploads\/2017\/03\/PLaza-111-1.jpg\"><img loading=\"lazy\" class=\"size-medium wp-image-2067 alignleft\" src=\"http:\/\/leavicens.com\/lvicens\/wp-content\/uploads\/2017\/03\/PLaza-111-1-300x202.jpg\" alt=\"\" width=\"300\" height=\"202\" \/><\/a><\/p>\n<p>&nbsp;<\/p>\n<p>&nbsp;<\/p>\n<p>&nbsp;<\/p>\n<p>&nbsp;<\/p>\n<p>&nbsp;<\/p>\n<p>&nbsp;<\/p>\n<p style=\"text-align: center;\"><strong>L\u00e9a Vicens, \u00fanica en la gala de presentaci\u00f3n de San Isidro<\/strong><\/p>\n<p style=\"text-align: justify;\">Plaza 1 present\u00f3 su primera Feria de la era Sim\u00f3n Casas. La UTE que representan el propio Sim\u00f3n Casas y Rafael Garrido, como propietario de Nautalia, anunciaron las combinaciones en el mismo ruedo de la Monumental en un novedoso acto al que asisten toreros, prensa especializada, las primeras autoridades de la Comunidad de Madrid y distintas personalidades de la Cultura. Plaza 1 abre Las Ventas al mundo para presentar su primera Feria de San Isidro en una espectacular gala.<\/p>\n<p style=\"text-align: justify;\"><strong><u>S\u00e1bado 10 de junio:<\/u><\/strong><\/p>\n<p style=\"text-align: justify;\">Toros de Ferm\u00edn Boh\u00f3rquez para Hermoso de Mendoza, Sergio Gal\u00e1n y <strong>Lea Vicens.<\/strong><\/p>\n<p style=\"text-align: justify;\">Para la ocasi\u00f3n, el hist\u00f3rico ruedo se convirti\u00f3 en el escenario donde se dio luz verde a las combinaciones de la primera isidrada organizada por la nueva empresa concesionaria, compuesta por Sim\u00f3n Casas y Nautalia. Asimismo, junto a los carteles del serial m\u00e1s importante se dieron a conocer tambi\u00e9n los del primer tramo de la temporada en Las Ventas y los importantes ap\u00e9ndices de los festejos de Beneficencia y Cultura.<\/p>\n<p style=\"text-align: justify;\">Por Las Ventas se vio a <strong>Lea Vicens,<\/strong>\u00a0<strong>-\u00fanica mujer torero que estar\u00e1 presente en la Feria m\u00e1s importante del mundo-<\/strong> Morante, Ponce, Juli, Cayetano, Rom\u00e1n, Alberto Aguilar, P\u00e9rez Mota, Javier Casta\u00f1o, Roca Rey, Rafaelillo, Fernando Roble\u00f1o, Juan Bautista, Juan del \u00c1lamo, David Galv\u00e1n, Javier Jim\u00e9nez, Gin\u00e9s Mar\u00edn, D\u00e1vila Miura, Fortes, \u00c1lvaro Lorenzo, David Mora, G\u00f3mez del Pilar, Juan Ignacio P\u00e9rez Tabernero, los hermanos Eduardo y Antonio Miura, Curro V\u00e1zquez, \u00d3scar Higares, Jos\u00e9 Garrido, Mariano Jim\u00e9nez, Ricardo Gallardo, D\u00e1vila Miura, Eugenio de Mora, G\u00f3mez Escorial, Juan Pedro Domecq, Paco Ure\u00f1a, Ferm\u00edn Boh\u00f3rquez, David Mora, Adolfo Mart\u00edn, Carlos Arag\u00f3n Cancela, Joaqu\u00edn Gald\u00f3s, Fernando Galindo, El Fundi, Sergio Gal\u00e1n, Lorenzo Fraile, Victoriano del R\u00edo, Jos\u00e9 Mar\u00eda Garz\u00f3n, Fernando Domecq, Sancho D\u00e1vila, Borja Cardel\u00fas -de la Fundaci\u00f3n Toro de Lidia.<\/p>\n<p style=\"text-align: justify;\">Al acto acudieron tambi\u00e9n Catalina Luca de Tena, Pedro Trapote, el actor Jes\u00fas Bl\u00e1zquez, el empresario Ram\u00f3n Calder\u00f3n, el escritor Fernando S\u00e1nchez Drag\u00f3, el director de cine Agust\u00edn D\u00edaz Yanes, Cristina S\u00e1nchez, Fiona Ferrer, tambi\u00e9n Cari Lapique y Gloria Lomana, la rejoneadora Mar\u00eda Sara; Eva Gonz\u00e1lez; Genoveva Casanova&#8230; y, entre los toreros, pr\u00e1cticamente todos los que est\u00e1n en activo y anunciados en el ciclo isidril y, entre los retirados, Palomo Linares, Roberto Dom\u00ednguez, Miguel B\u00e1ez \u00abLitri\u00bb<\/p>\n<p style=\"text-align: justify;\">La gala fue presentada por los periodistas Elena S\u00e1nchez y Jos\u00e9 Ribagorda.<\/p>\n<p style=\"text-align: justify;\">Texto: <strong>Redacci\u00f3n<\/strong> \/ Fotos:\u00a0<strong>Javier Arroyo<\/strong><\/p>\n","protected":false},"excerpt":{"rendered":"<p>&nbsp; &nbsp; &nbsp; &nbsp; &nbsp; &nbsp; L\u00e9a Vicens, \u00fanica en la gala de presentaci\u00f3n de San Isidro Plaza 1 present\u00f3&#8230;<\/p>\n","protected":false},"author":4,"featured_media":2068,"comment_status":"open","ping_status":"open","sticky":true,"template":"","format":"standard","meta":[],"categories":[20,1],"tags":[],"_links":{"self":[{"href":"https:\/\/leavicens.com\/fr_FR\/wp-json\/wp\/v2\/posts\/2062"}],"collection":[{"href":"https:\/\/leavicens.com\/fr_FR\/wp-json\/wp\/v2\/posts"}],"about":[{"href":"https:\/\/leavicens.com\/fr_FR\/wp-json\/wp\/v2\/types\/post"}],"author":[{"embeddable":true,"href":"https:\/\/leavicens.com\/fr_FR\/wp-json\/wp\/v2\/users\/4"}],"replies":[{"embeddable":true,"href":"https:\/\/leavicens.com\/fr_FR\/wp-json\/wp\/v2\/comments?post=2062"}],"version-history":[{"count":2,"href":"https:\/\/leavicens.com\/fr_FR\/wp-json\/wp\/v2\/posts\/2062\/revisions"}],"predecessor-version":[{"id":2069,"href":"https:\/\/leavicens.com\/fr_FR\/wp-json\/wp\/v2\/posts\/2062\/revisions\/2069"}],"wp:featuredmedia":[{"embeddable":true,"href":"https:\/\/leavicens.com\/fr_FR\/wp-json\/wp\/v2\/media\/2068"}],"wp:attachment":[{"href":"https:\/\/leavicens.com\/fr_FR\/wp-json\/wp\/v2\/media?parent=2062"}],"wp:term":[{"taxonomy":"category","embeddable":true,"href":"https:\/\/leavicens.com\/fr_FR\/wp-json\/wp\/v2\/categories?post=2062"},{"taxonomy":"post_tag","embeddable":true,"href":"https:\/\/leavicens.com\/fr_FR\/wp-json\/wp\/v2\/tags?post=2062"}],"curies":[{"name":"wp","href":"https:\/\/api.w.org\/{rel}","templated":true}]}}