{"id":2102,"date":"2017-03-20T21:02:11","date_gmt":"2017-03-20T19:02:11","guid":{"rendered":"http:\/\/leavicens.com\/?p=2102"},"modified":"2017-03-21T20:03:32","modified_gmt":"2017-03-21T18:03:32","slug":"les-vicens-vuelta-al-ruedo-y-oreja-en-castellon","status":"publish","type":"post","link":"https:\/\/leavicens.com\/fr_FR\/les-vicens-vuelta-al-ruedo-y-oreja-en-castellon\/","title":{"rendered":"L\u00c9A VICENS, VUELTA AL RUEDO Y OREJA EN CASTELL\u00d3N"},"content":{"rendered":"<p><a href=\"http:\/\/leavicens.com\/lvicens\/wp-content\/uploads\/2017\/03\/FullSizeRender-22-2.jpg\"><img loading=\"lazy\" class=\"size-medium wp-image-2110 alignleft\" src=\"http:\/\/leavicens.com\/lvicens\/wp-content\/uploads\/2017\/03\/FullSizeRender-22-2-282x300.jpg\" alt=\"\" width=\"282\" height=\"300\" \/><\/a><a href=\"http:\/\/leavicens.com\/lvicens\/wp-content\/uploads\/2017\/03\/FullSizeRender-23-2.jpg\"><img loading=\"lazy\" class=\"size-medium wp-image-2106 alignright\" src=\"http:\/\/leavicens.com\/lvicens\/wp-content\/uploads\/2017\/03\/FullSizeRender-23-2-261x300.jpg\" alt=\"\" width=\"261\" height=\"300\" \/><\/a><\/p>\n<p>&nbsp;<\/p>\n<p>&nbsp;<\/p>\n<p style=\"text-align: left;\"><a href=\"http:\/\/leavicens.com\/lvicens\/wp-content\/uploads\/2017\/03\/3434.jpg\"><img loading=\"lazy\" class=\"size-medium wp-image-2115 aligncenter\" src=\"http:\/\/leavicens.com\/lvicens\/wp-content\/uploads\/2017\/03\/3434-300x269.jpg\" alt=\"\" width=\"300\" height=\"269\" \/><\/a><\/p>\n<p style=\"text-align: center;\"><strong>L\u00e9a firma una tarde repleta de pureza<\/strong><\/p>\n<p style=\"text-align: justify;\"><span style=\"text-decoration: underline;\"><strong>Mundotoro<\/strong><\/span><\/p>\n<p style=\"text-align: justify;\">\u00abVen\u00edan de verse las caras en\u00a0<strong>Fallas<\/strong>. Apenas 24 horas antes.\u00a0<strong>Diego Ventura<\/strong><strong>\u00a0<\/strong>y<strong>\u00a0<\/strong><strong>Lea Vicens<\/strong>\u00a0repet\u00edan pase\u00edllo en\u00a0<strong>Castell\u00f3n<\/strong>\u00a0y, <strong>si en Valencia la francesa se llev\u00f3 el gato al agua<\/strong>, esta tarde ambos firmaron la igualada. Una oreja para cada uno con los manejables berrendos de\u00a0<strong>J\u00f3dar y Ruchena<\/strong>, a los que falt\u00f3 mayor empuje.<\/p>\n<p style=\"text-align: justify;\">No quiso quedarse atr\u00e1s\u00a0<strong>Lea Vicens<\/strong>. La amazona de<strong>\u00a0<\/strong><strong>Nimes<\/strong>\u00a0lleg\u00f3 a\u00a0<strong>Castell\u00f3n<\/strong>\u00a0dispuesta a prolongar la buena estela de su triunfo en\u00a0<strong>Valencia<\/strong>\u00a0y lo logr\u00f3 en el sexto. Le cort\u00f3 la oreja\u00a0<strong>Lea<\/strong>, a pesar de los tres pinchazos en la suerte suprema. El p\u00fablico la pidi\u00f3 con fuerza como recompensa a <strong>una faena en la que supo transmitir al tendido ese gusto y esa pureza en su doma, de aroma a\u00f1ejo. <\/strong>Parece haber echado buen invierno la rejoneadora, mucho m\u00e1s cuajada. Destac\u00f3 con \u2018<strong>B\u00e9tico<\/strong>\u2018, gran estrella de su cuadra, y luego las rosas finales calentaron al tendido para lograr ese trofeo.<\/p>\n<p style=\"text-align: justify;\">Sorte\u00f3 un tercero con m\u00e1s calidad que sus dos hermanos anteriores. Tuvo cierta codicia y persigui\u00f3 las grupas de la gala, aunque se apag\u00f3 demasiado pronto.\u00a0<strong>Lea<\/strong>, <strong>muy decidida, puso pureza y ofreci\u00f3 su concepto de doma lleno de clasicismo.<\/strong> Bien con los garapuyos sobre \u2018<strong>B\u00e9tico<\/strong>\u2018. Las dos rosas finales terminaron de calentar al tendido. Pinch\u00f3 y dej\u00f3 luego un rej\u00f3n entero. Una l\u00e1stima que tard\u00f3 en doblar, porque se enfri\u00f3 la petici\u00f3n, minoritaria, y todo qued\u00f3 en vuelta al ruedo\u00bb.<\/p>\n<p><strong>Castell\u00f3n<\/strong>. Domingo 20 de marzo.<\/p>\n<p>Toros de\u00a0<strong>J\u00f3dar y Ruchena<\/strong>, correctos de presentaci\u00f3n; corrida muy pareja y de distintos grados.<\/p>\n<p><strong>Diego Ventura<\/strong><strong>,<\/strong> ovaci\u00f3n con saludos y oreja con petici\u00f3n de la segunda;<\/p>\n<p><strong>Leonardo Hern\u00e1ndez<\/strong><strong>,<\/strong> silencio en ambos;<\/p>\n<p><strong>Lea Vicens<\/strong>, vuelta al ruedo y oreja.<\/p>\n<p><strong>Entrada:<\/strong>\u00a0M\u00e1s de media.<\/p>\n<p style=\"text-align: justify;\">Fotos: <strong>Alberto de Jes\u00fas \/ Mundotoro &#8211; Javier Arroyo \/ Aplausos<\/strong><\/p>\n","protected":false},"excerpt":{"rendered":"<p>&nbsp; &nbsp; L\u00e9a firma una tarde repleta de pureza Mundotoro \u00abVen\u00edan de verse las caras en\u00a0Fallas. Apenas 24 horas antes.\u00a0Diego&#8230;<\/p>\n","protected":false},"author":4,"featured_media":2103,"comment_status":"open","ping_status":"open","sticky":true,"template":"","format":"standard","meta":[],"categories":[20,1],"tags":[],"_links":{"self":[{"href":"https:\/\/leavicens.com\/fr_FR\/wp-json\/wp\/v2\/posts\/2102"}],"collection":[{"href":"https:\/\/leavicens.com\/fr_FR\/wp-json\/wp\/v2\/posts"}],"about":[{"href":"https:\/\/leavicens.com\/fr_FR\/wp-json\/wp\/v2\/types\/post"}],"author":[{"embeddable":true,"href":"https:\/\/leavicens.com\/fr_FR\/wp-json\/wp\/v2\/users\/4"}],"replies":[{"embeddable":true,"href":"https:\/\/leavicens.com\/fr_FR\/wp-json\/wp\/v2\/comments?post=2102"}],"version-history":[{"count":10,"href":"https:\/\/leavicens.com\/fr_FR\/wp-json\/wp\/v2\/posts\/2102\/revisions"}],"predecessor-version":[{"id":2121,"href":"https:\/\/leavicens.com\/fr_FR\/wp-json\/wp\/v2\/posts\/2102\/revisions\/2121"}],"wp:featuredmedia":[{"embeddable":true,"href":"https:\/\/leavicens.com\/fr_FR\/wp-json\/wp\/v2\/media\/2103"}],"wp:attachment":[{"href":"https:\/\/leavicens.com\/fr_FR\/wp-json\/wp\/v2\/media?parent=2102"}],"wp:term":[{"taxonomy":"category","embeddable":true,"href":"https:\/\/leavicens.com\/fr_FR\/wp-json\/wp\/v2\/categories?post=2102"},{"taxonomy":"post_tag","embeddable":true,"href":"https:\/\/leavicens.com\/fr_FR\/wp-json\/wp\/v2\/tags?post=2102"}],"curies":[{"name":"wp","href":"https:\/\/api.w.org\/{rel}","templated":true}]}}