{"id":2146,"date":"2017-04-07T16:17:13","date_gmt":"2017-04-07T14:17:13","guid":{"rendered":"http:\/\/leavicens.com\/?p=2146"},"modified":"2017-04-07T16:18:00","modified_gmt":"2017-04-07T14:18:00","slug":"lea-vicens-toreara-en-la-feria-del-corpus-de-granada","status":"publish","type":"post","link":"https:\/\/leavicens.com\/fr_FR\/lea-vicens-toreara-en-la-feria-del-corpus-de-granada\/","title":{"rendered":"L\u00c9A VICENS, TOREAR\u00c1 EN LA FERIA DEL CORPUS DE GRANADA"},"content":{"rendered":"<p style=\"text-align: center;\"><strong>L\u00e9a Vicens en La Monumental de Frascuelo<\/strong><\/p>\n<p><strong>L\u00e9a Vicens,<\/strong> estar\u00e1 en presente en uno de los ciclos m\u00e1s relevantes del gran circuito. La <strong>Feria del Corpus de Granada, <\/strong>cerrar\u00e1 con un festejo de m\u00e1ximas figuras en una de citas m\u00e1s importantes del a\u00f1o.<\/p>\n<p>La empresa Lances de Futuro ha presentado en un acto institucional celebrado en el Real Colegio Mayor de San Bartolom\u00e9 y Santiago los carteles taurinos de la pr\u00f3xima <strong>Feria del Corpus 2017 de Granada.<\/strong> Tres corridas de toros y <strong>una de rejones<\/strong> componen el abono granadino que se desarrollar\u00e1 del 15 al 18 de junio.<\/p>\n<p><span style=\"text-decoration: underline;\"><strong>Domingo 18 de junio: <\/strong><\/span><\/p>\n<p>Festejo de rejones en el que estar\u00e1n\u00a0Andy Cartagena, Diego Ventura\u00a0y\u00a0<strong>Lea Vicens,<\/strong>\u00a0con los toros de\u00a0Ben\u00edtez Cubero.<\/p>\n","protected":false},"excerpt":{"rendered":"<p>L\u00e9a Vicens en La Monumental de Frascuelo L\u00e9a Vicens, estar\u00e1 en presente en uno de los ciclos m\u00e1s relevantes del&#8230;<\/p>\n","protected":false},"author":4,"featured_media":2147,"comment_status":"open","ping_status":"open","sticky":true,"template":"","format":"standard","meta":[],"categories":[20,1],"tags":[],"_links":{"self":[{"href":"https:\/\/leavicens.com\/fr_FR\/wp-json\/wp\/v2\/posts\/2146"}],"collection":[{"href":"https:\/\/leavicens.com\/fr_FR\/wp-json\/wp\/v2\/posts"}],"about":[{"href":"https:\/\/leavicens.com\/fr_FR\/wp-json\/wp\/v2\/types\/post"}],"author":[{"embeddable":true,"href":"https:\/\/leavicens.com\/fr_FR\/wp-json\/wp\/v2\/users\/4"}],"replies":[{"embeddable":true,"href":"https:\/\/leavicens.com\/fr_FR\/wp-json\/wp\/v2\/comments?post=2146"}],"version-history":[{"count":1,"href":"https:\/\/leavicens.com\/fr_FR\/wp-json\/wp\/v2\/posts\/2146\/revisions"}],"predecessor-version":[{"id":2148,"href":"https:\/\/leavicens.com\/fr_FR\/wp-json\/wp\/v2\/posts\/2146\/revisions\/2148"}],"wp:featuredmedia":[{"embeddable":true,"href":"https:\/\/leavicens.com\/fr_FR\/wp-json\/wp\/v2\/media\/2147"}],"wp:attachment":[{"href":"https:\/\/leavicens.com\/fr_FR\/wp-json\/wp\/v2\/media?parent=2146"}],"wp:term":[{"taxonomy":"category","embeddable":true,"href":"https:\/\/leavicens.com\/fr_FR\/wp-json\/wp\/v2\/categories?post=2146"},{"taxonomy":"post_tag","embeddable":true,"href":"https:\/\/leavicens.com\/fr_FR\/wp-json\/wp\/v2\/tags?post=2146"}],"curies":[{"name":"wp","href":"https:\/\/api.w.org\/{rel}","templated":true}]}}