{"id":2156,"date":"2017-04-09T14:06:57","date_gmt":"2017-04-09T12:06:57","guid":{"rendered":"http:\/\/leavicens.com\/?p=2156"},"modified":"2017-04-10T01:07:28","modified_gmt":"2017-04-09T23:07:28","slug":"lea-vicens-trenzara-el-paseillo-en-osuna","status":"publish","type":"post","link":"https:\/\/leavicens.com\/fr_FR\/lea-vicens-trenzara-el-paseillo-en-osuna\/","title":{"rendered":"L\u00c9A VICENS, TRENZAR\u00c1 EL PASE\u00cdLLO EN OSUNA"},"content":{"rendered":"<p style=\"text-align: justify;\">La empresa Tauroemoci\u00f3n encabezada por Alberto Garc\u00eda y su representante en la localidad Antonio Osuna, junto a la alcaldesa Rosario And\u00fajar, dieron a conocer oficialmente los carteles de la pr\u00f3xima <strong>Feria de Osuna<\/strong>, donde destac\u00f3 la presencia de <strong>L\u00e9a Vicens.<\/strong><\/p>\n<p style=\"text-align: justify;\">La Casa de la Cultura de Osuna (Sevilla) acogi\u00f3 la presentaci\u00f3n de los carteles de la feria taurina para la edici\u00f3n 2017. Tres festejos componen su feria, que ir\u00e1n del 12 al 14 de mayo, con una corrida de toros, <strong>una corrida de rejones<\/strong> y la final del ciclo de becerradas de las Escuelas Taurinas de Andaluc\u00eda.<\/p>\n<p style=\"text-align: justify;\"><strong><u>Domingo 14 de mayo<\/u><\/strong><\/p>\n<p style=\"text-align: justify;\">Toros de La Castilleja para los rejoneadores Rui Fern\u00e1ndes, Diego Ventura y <strong>L\u00e9a Vicens.<\/strong><\/p>\n","protected":false},"excerpt":{"rendered":"<p>La empresa Tauroemoci\u00f3n encabezada por Alberto Garc\u00eda y su representante en la localidad Antonio Osuna, junto a la alcaldesa Rosario&#8230;<\/p>\n","protected":false},"author":4,"featured_media":2157,"comment_status":"open","ping_status":"open","sticky":true,"template":"","format":"standard","meta":[],"categories":[20,1],"tags":[],"_links":{"self":[{"href":"https:\/\/leavicens.com\/fr_FR\/wp-json\/wp\/v2\/posts\/2156"}],"collection":[{"href":"https:\/\/leavicens.com\/fr_FR\/wp-json\/wp\/v2\/posts"}],"about":[{"href":"https:\/\/leavicens.com\/fr_FR\/wp-json\/wp\/v2\/types\/post"}],"author":[{"embeddable":true,"href":"https:\/\/leavicens.com\/fr_FR\/wp-json\/wp\/v2\/users\/4"}],"replies":[{"embeddable":true,"href":"https:\/\/leavicens.com\/fr_FR\/wp-json\/wp\/v2\/comments?post=2156"}],"version-history":[{"count":1,"href":"https:\/\/leavicens.com\/fr_FR\/wp-json\/wp\/v2\/posts\/2156\/revisions"}],"predecessor-version":[{"id":2158,"href":"https:\/\/leavicens.com\/fr_FR\/wp-json\/wp\/v2\/posts\/2156\/revisions\/2158"}],"wp:featuredmedia":[{"embeddable":true,"href":"https:\/\/leavicens.com\/fr_FR\/wp-json\/wp\/v2\/media\/2157"}],"wp:attachment":[{"href":"https:\/\/leavicens.com\/fr_FR\/wp-json\/wp\/v2\/media?parent=2156"}],"wp:term":[{"taxonomy":"category","embeddable":true,"href":"https:\/\/leavicens.com\/fr_FR\/wp-json\/wp\/v2\/categories?post=2156"},{"taxonomy":"post_tag","embeddable":true,"href":"https:\/\/leavicens.com\/fr_FR\/wp-json\/wp\/v2\/tags?post=2156"}],"curies":[{"name":"wp","href":"https:\/\/api.w.org\/{rel}","templated":true}]}}