{"id":2264,"date":"2017-05-14T22:33:04","date_gmt":"2017-05-14T20:33:04","guid":{"rendered":"http:\/\/leavicens.com\/?p=2264"},"modified":"2017-05-14T23:12:44","modified_gmt":"2017-05-14T21:12:44","slug":"lea-vicens-puerta-grande-en-osuna","status":"publish","type":"post","link":"https:\/\/leavicens.com\/fr_FR\/lea-vicens-puerta-grande-en-osuna\/","title":{"rendered":"L\u00c9A VICENS, PUERTA GRANDE EN OSUNA TRAS UNA GRAN TARDE"},"content":{"rendered":"<p style=\"text-align: center;\"><strong>Magn\u00edfica tarde de L\u00e9a Vicens en Osuna\u00a0<\/strong><\/p>\n<p><strong>Burladero.com<\/strong><\/p>\n<p style=\"text-align: justify;\">\u00abLa francesa <strong>Lea Vicens <\/strong>estuvo tambi\u00e9n a una buena altura y sobre todo arriesgando mucho y llegando muy templado a los embroques y clavando con acierto casi todas las entradas. <strong>Lea<\/strong> no se dej\u00f3 ganar la pelea y se la jug\u00f3 y le sali\u00f3 triunfal.\u00a0En su segundo, \u00faltimo del festejo, <strong>la rejoneadora estuvo tambi\u00e9n a gran altura y las \u00absolo\u00bb dos orejas no dicen lo bien que estuvo esta tarde la joven jinete.<\/strong> Y lo dicho no se dej\u00f3 ganar la pelea en ning\u00fan momento, solo se not\u00f3 quiz\u00e1s que est\u00e1 mucho m\u00e1s nueva que sus compa\u00f1eros y esto hace mella en los nervios por momentos. Pero muy bien y con muchas ganas una tarde m\u00e1s la rejoneadora francesa\u00bb.<\/p>\n<p style=\"text-align: justify;\"><strong>Osuna<\/strong><strong>\u00a0<\/strong>(Sevilla)<\/p>\n<p style=\"text-align: justify;\">Entrada: Tres cuartos de plaza.<\/p>\n<p style=\"text-align: justify;\">Toros de\u00a0La Castilleja, de buen juego para el toreo a caballo, en general.<\/p>\n<p style=\"text-align: justify;\">Rui Fernandes, Oreja y dos orejas;<\/p>\n<p style=\"text-align: justify;\">Diego Ventura, Dos orejas y dos orejas y rabo<\/p>\n<p style=\"text-align: justify;\"><strong>L\u00e9a Vicens<\/strong>, Oreja y oreja.<\/p>\n<p style=\"text-align: justify;\"><span style=\"text-decoration: underline;\"><strong>FOTO:<\/strong><\/span> Aplausos \/ Gonz\u00e1lez Arjona<\/p>\n<p style=\"text-align: justify;\"><span style=\"text-decoration: underline;\"><strong>Fuente:<\/strong><\/span>\u00a0http:\/\/www.burladero.tv\/resultados-de-festejos\/n-128221-diego-ventura-puerta-grande-osuna-ecuador-festejo<\/p>\n","protected":false},"excerpt":{"rendered":"<p>Magn\u00edfica tarde de L\u00e9a Vicens en Osuna\u00a0 Burladero.com \u00abLa francesa Lea Vicens estuvo tambi\u00e9n a una buena altura y sobre&#8230;<\/p>\n","protected":false},"author":4,"featured_media":2265,"comment_status":"open","ping_status":"open","sticky":true,"template":"","format":"standard","meta":[],"categories":[20,1],"tags":[],"_links":{"self":[{"href":"https:\/\/leavicens.com\/fr_FR\/wp-json\/wp\/v2\/posts\/2264"}],"collection":[{"href":"https:\/\/leavicens.com\/fr_FR\/wp-json\/wp\/v2\/posts"}],"about":[{"href":"https:\/\/leavicens.com\/fr_FR\/wp-json\/wp\/v2\/types\/post"}],"author":[{"embeddable":true,"href":"https:\/\/leavicens.com\/fr_FR\/wp-json\/wp\/v2\/users\/4"}],"replies":[{"embeddable":true,"href":"https:\/\/leavicens.com\/fr_FR\/wp-json\/wp\/v2\/comments?post=2264"}],"version-history":[{"count":3,"href":"https:\/\/leavicens.com\/fr_FR\/wp-json\/wp\/v2\/posts\/2264\/revisions"}],"predecessor-version":[{"id":2275,"href":"https:\/\/leavicens.com\/fr_FR\/wp-json\/wp\/v2\/posts\/2264\/revisions\/2275"}],"wp:featuredmedia":[{"embeddable":true,"href":"https:\/\/leavicens.com\/fr_FR\/wp-json\/wp\/v2\/media\/2265"}],"wp:attachment":[{"href":"https:\/\/leavicens.com\/fr_FR\/wp-json\/wp\/v2\/media?parent=2264"}],"wp:term":[{"taxonomy":"category","embeddable":true,"href":"https:\/\/leavicens.com\/fr_FR\/wp-json\/wp\/v2\/categories?post=2264"},{"taxonomy":"post_tag","embeddable":true,"href":"https:\/\/leavicens.com\/fr_FR\/wp-json\/wp\/v2\/tags?post=2264"}],"curies":[{"name":"wp","href":"https:\/\/api.w.org\/{rel}","templated":true}]}}